{"id":333646,"date":"2025-08-21T09:56:21","date_gmt":"2025-08-21T09:56:21","guid":{"rendered":"https:\/\/www.europesays.com\/fr\/333646\/"},"modified":"2025-08-21T09:56:21","modified_gmt":"2025-08-21T09:56:21","slug":"fc-rouen-fc-sochaux-m","status":"publish","type":"post","link":"https:\/\/www.europesays.com\/fr\/333646\/","title":{"rendered":"FC Rouen &#8211; FC Sochaux M &#8230;"},"content":{"rendered":"<p>Sur le papier, au vu des deux premi\u00e8res rencontres, les \u00ab\u00a0lions\u00a0\u00bb sochaliens ne devraient faire qu\u2019une bouch\u00e9e des Diables Rouges, mais !<\/p>\n<p>Pour Sochaux : 2 victoires, 6 buts marqu\u00e9s et z\u00e9ro encaiss\u00e9 !<\/p>\n<p>C\u00f4t\u00e9 Rouen un but marqu\u00e9 sur p\u00e9nalty, suite \u00e0 une b\u00e9vue dijonnaise !<\/p>\n<p>Les rouennais ne pourront pas compter sur le soutien des supporters (huis clos), ce qui est plus que regrettable, pr\u00e9judiciable, compte tenu de l\u2019affiche.<\/p>\n<p>Une page d\u2019histoire manquera au recit des fid\u00e8les amoureux du FC Rouen.<\/p>\n<p>Deux clubs historiques, des histoires qui se croisent, se rencontrent. <\/p>\n<p>Qui ne se souvient pas du gardien <strong>Elefterios Manolios<\/strong>, (Rouen 1960-1965 puis Sochaux 1965-1969) ?<\/p>\n<p>Ce 22 ao\u00fbt 2025, sur le papier, miser sur une victoire rouennaise pourrait para\u00eetre incons\u00e9quent !<\/p>\n<p>Faisons abstraction du papier, chacun sait que la r\u00e9alit\u00e9 du terrain est la seule qui compte.<\/p>\n<p>Comme le dit Vincent Hognon, l\u2019entraineur sochalien, dans \u00ab\u00a0<strong><a href=\"https:\/\/www.foot-national.com\/actus\/vincent-hognon-sochaux-apres-le-festival-contre-orleans-comme-je-suis-un-vieux-con-je-sais-quon-est-en-grand-danger-a-rouen-921942\" rel=\"nofollow noopener\" target=\"_blank\">Foot National<\/a><\/strong>\u00a0\u00bb : \u2026\u2026 \u00a0\u00bb\u00a0Comme je suis un vieux con, je sais qu\u2019on est en grand danger \u00e0 Rouen et je ne veux pas entendre qu\u2019on est les meilleurs et tout \u00e7a ! \u2026\u00a0\u00bb<\/p>\n<p>Esp\u00e9rons que les rouges et blancs sauront, dans ces circonstances particuli\u00e8res, se sublimer et donner raison \u00e0 l\u2019entraineur doubiste.<\/p>\n<p>Allez Rouen<\/p>\n","protected":false},"excerpt":{"rendered":"Sur le papier, au vu des deux premi\u00e8res rencontres, les \u00ab\u00a0lions\u00a0\u00bb sochaliens ne devraient faire qu\u2019une bouch\u00e9e des&hellip;\n","protected":false},"author":2,"featured_media":333647,"comment_status":"","ping_status":"","sticky":false,"template":"","format":"standard","meta":{"footnotes":""},"categories":[9587],"tags":[1111,11,1777,674,1011,27,12,5161,25,9590],"class_list":{"0":"post-333646","1":"post","2":"type-post","3":"status-publish","4":"format-standard","5":"has-post-thumbnail","7":"category-rouen","8":"tag-actu","9":"tag-actualites","10":"tag-eu","11":"tag-europe","12":"tag-fr","13":"tag-france","14":"tag-news","15":"tag-normandie","16":"tag-republique-francaise","17":"tag-rouen"},"share_on_mastodon":{"url":"https:\/\/pubeurope.com\/@fr\/115066161287238927","error":""},"_links":{"self":[{"href":"https:\/\/www.europesays.com\/fr\/wp-json\/wp\/v2\/posts\/333646","targetHints":{"allow":["GET"]}}],"collection":[{"href":"https:\/\/www.europesays.com\/fr\/wp-json\/wp\/v2\/posts"}],"about":[{"href":"https:\/\/www.europesays.com\/fr\/wp-json\/wp\/v2\/types\/post"}],"author":[{"embeddable":true,"href":"https:\/\/www.europesays.com\/fr\/wp-json\/wp\/v2\/users\/2"}],"replies":[{"embeddable":true,"href":"https:\/\/www.europesays.com\/fr\/wp-json\/wp\/v2\/comments?post=333646"}],"version-history":[{"count":0,"href":"https:\/\/www.europesays.com\/fr\/wp-json\/wp\/v2\/posts\/333646\/revisions"}],"wp:featuredmedia":[{"embeddable":true,"href":"https:\/\/www.europesays.com\/fr\/wp-json\/wp\/v2\/media\/333647"}],"wp:attachment":[{"href":"https:\/\/www.europesays.com\/fr\/wp-json\/wp\/v2\/media?parent=333646"}],"wp:term":[{"taxonomy":"category","embeddable":true,"href":"https:\/\/www.europesays.com\/fr\/wp-json\/wp\/v2\/categories?post=333646"},{"taxonomy":"post_tag","embeddable":true,"href":"https:\/\/www.europesays.com\/fr\/wp-json\/wp\/v2\/tags?post=333646"}],"curies":[{"name":"wp","href":"https:\/\/api.w.org\/{rel}","templated":true}]}}