{"id":333648,"date":"2025-08-21T09:57:10","date_gmt":"2025-08-21T09:57:10","guid":{"rendered":"https:\/\/www.europesays.com\/fr\/333648\/"},"modified":"2025-08-21T09:57:10","modified_gmt":"2025-08-21T09:57:10","slug":"les-bruleurs-de-loups-sinclinent-lourdement-face-au-geneve-servette-hc","status":"publish","type":"post","link":"https:\/\/www.europesays.com\/fr\/333648\/","title":{"rendered":"Les Br\u00fbleurs de Loups s\u2019inclinent lourdement face au Gen\u00e8ve-Servette HC"},"content":{"rendered":"<p>Apr\u00e8s leur courte d\u00e9faite contre Fribourg-Gott\u00e9rron (2-1), les Grenoblois s\u2019attaquaient \u00e0 une autre \u00e9curie helv\u00e8te\u00a0: Gen\u00e8ve-Servette HC. Encore \u00e9mouss\u00e9s physiquement, les Br\u00fbleurs de<br \/>Loups n\u2019ont pas fait le poids (6-0) face \u00e0 une formation qui s\u2019\u00e9tait hiss\u00e9e en demi-finale de CHL l\u2019an pass\u00e9.<\/p>\n<p>Dans ce duel fraternel opposant Sacha Treille (joueur des BDL) \u00e0 Yorick, son a\u00een\u00e9 et entra\u00eeneur du Gen\u00e8ve-Servette, c\u2019est ce dernier qui est sorti vainqueur. Une victoire acquise au terme d\u2019un match domin\u00e9 de la t\u00eate et des \u00e9paules par les Genevois. A quelques jours de leur entr\u00e9e en lice en CHL, la marche \u00e9tait tout simplement trop haute pour les prot\u00e9g\u00e9s de Per Hanberg et Edo Terglav\u00a0!<\/p>\n<p>Rapidement men\u00e9s au score, les Is\u00e9rois ont vu leur adversaire prendre le large d\u00e8s le premier tiers. Vili Saarij\u00e4rvi (1-0, 9 e ) puis Jimmy Versey en powerplay (2-0, 20 e ) et Josh Jooris dans les ultimes secondes du premier acte (3-0, 20 e ) portaient le score \u00e0 3-0 au bout de vingt minutes. Une domination physique et technique qui permettait aux joueurs de Yorick Treille de consolider leur avantage d\u00e8s le retour des vestiaires. Jesse Puljuj\u00e4rv profitait d\u2019une nouvelle sup\u00e9riorit\u00e9 num\u00e9rique pour inscrire le quatri\u00e8me but de cette rencontre (4-0, 28 e ) avant que Marc-Antoine Pouliot ne participe au festival offensif de son \u00e9quipe quelques minutes plus tard (5-0, 37 e ). Malgr\u00e9 quelques tentatives repouss\u00e9es par un Robert Mayer imp\u00e9rial, les Grenoblois ne parvenaient pas \u00e0 d\u00e9bloquer leur compteur et voyaient m\u00eame Noah Rod signer son retour sur la glace apr\u00e8s de longs mois d\u2019absence par un but (6-0, 43 e ).<\/p>\n<p>Un score fleuve rappelant l\u2019ampleur de la t\u00e2che qui attend les Grenoblois en CHL. En effet, si le Gen\u00e8ve-Servette HC n\u2019a termin\u00e9 qu\u2019au douzi\u00e8me rang de la saison r\u00e9guli\u00e8re en Suisse<br \/>l\u2019an pass\u00e9, Bern s\u2019est class\u00e9 troisi\u00e8me et Zug quatri\u00e8me\u00a0! Malgr\u00e9 son statut d\u2019outsider, les Br\u00fbleurs de Loups pourront compter sur une patinoire Polesud en effervescence pour cr\u00e9er l\u2019exploit. Pour pr\u00e9parer cette premi\u00e8re \u00e9ch\u00e9ance, les joueurs de Per Hanberg et Edo Terglav affronteront de nouveau les Pionniers de Chamonix ce samedi. L\u2019occasion de faire le plein de confiance et de retrouver la ferveur du public grenoblois\u00a0!<\/p>\n<p>\n\tArticles similaires<\/p>\n","protected":false},"excerpt":{"rendered":"Apr\u00e8s leur courte d\u00e9faite contre Fribourg-Gott\u00e9rron (2-1), les Grenoblois s\u2019attaquaient \u00e0 une autre \u00e9curie helv\u00e8te\u00a0: Gen\u00e8ve-Servette HC. Encore&hellip;\n","protected":false},"author":2,"featured_media":333649,"comment_status":"","ping_status":"","sticky":false,"template":"","format":"standard","meta":{"footnotes":""},"categories":[9566],"tags":[1111,11,2430,1777,674,1011,27,2731,12,25],"class_list":{"0":"post-333648","1":"post","2":"type-post","3":"status-publish","4":"format-standard","5":"has-post-thumbnail","7":"category-grenoble","8":"tag-actu","9":"tag-actualites","10":"tag-auvergne-rhone-alpes","11":"tag-eu","12":"tag-europe","13":"tag-fr","14":"tag-france","15":"tag-grenoble","16":"tag-news","17":"tag-republique-francaise"},"share_on_mastodon":{"url":"https:\/\/pubeurope.com\/@fr\/115066165260624908","error":""},"_links":{"self":[{"href":"https:\/\/www.europesays.com\/fr\/wp-json\/wp\/v2\/posts\/333648","targetHints":{"allow":["GET"]}}],"collection":[{"href":"https:\/\/www.europesays.com\/fr\/wp-json\/wp\/v2\/posts"}],"about":[{"href":"https:\/\/www.europesays.com\/fr\/wp-json\/wp\/v2\/types\/post"}],"author":[{"embeddable":true,"href":"https:\/\/www.europesays.com\/fr\/wp-json\/wp\/v2\/users\/2"}],"replies":[{"embeddable":true,"href":"https:\/\/www.europesays.com\/fr\/wp-json\/wp\/v2\/comments?post=333648"}],"version-history":[{"count":0,"href":"https:\/\/www.europesays.com\/fr\/wp-json\/wp\/v2\/posts\/333648\/revisions"}],"wp:featuredmedia":[{"embeddable":true,"href":"https:\/\/www.europesays.com\/fr\/wp-json\/wp\/v2\/media\/333649"}],"wp:attachment":[{"href":"https:\/\/www.europesays.com\/fr\/wp-json\/wp\/v2\/media?parent=333648"}],"wp:term":[{"taxonomy":"category","embeddable":true,"href":"https:\/\/www.europesays.com\/fr\/wp-json\/wp\/v2\/categories?post=333648"},{"taxonomy":"post_tag","embeddable":true,"href":"https:\/\/www.europesays.com\/fr\/wp-json\/wp\/v2\/tags?post=333648"}],"curies":[{"name":"wp","href":"https:\/\/api.w.org\/{rel}","templated":true}]}}