{"id":333654,"date":"2025-08-21T10:01:11","date_gmt":"2025-08-21T10:01:11","guid":{"rendered":"https:\/\/www.europesays.com\/fr\/333654\/"},"modified":"2025-08-21T10:01:11","modified_gmt":"2025-08-21T10:01:11","slug":"strasbourg-10-ans-plus-tard-la-modelisation-de-la-capitale-alsacienne-sur-minecraft-se-poursuit","status":"publish","type":"post","link":"https:\/\/www.europesays.com\/fr\/333654\/","title":{"rendered":"Strasbourg. 10 ans plus tard, la mod\u00e9lisation de la capitale alsacienne sur \u00ab\u00a0Minecraft\u00a0\u00bb se poursuit"},"content":{"rendered":"<p>Devenu ing\u00e9nieur depuis <a href=\"https:\/\/www.dna.fr\/edition-de-strasbourg\/2016\/03\/26\/batisseurs-virtuels\" target=\"_blank\" rel=\"noopener\">les pr\u00e9misses du projet Achencraft en 2015<\/a> , son cr\u00e9ateur Lucas Lett y consacre toujours autant de temps dix ans plus tard. Malgr\u00e9 une mani\u00e8re de travailler remani\u00e9e depuis deux ans, l\u2019objectif est toujours de mod\u00e9liser Strasbourg sur Minecraft , jeu vid\u00e9o le plus vendu de l\u2019Histoire. Le principe de Minecraft \u00a0? Faire parler sa cr\u00e9ativit\u00e9 pour construire son propre monde \u00e0 l\u2019aide de mat\u00e9riaux cubiques. Chaque cube pos\u00e9 par l\u2019\u00e9quipe d\u2019Achencraft les rapproche un peu plus d\u2019un Strasbourg virtuel et en mouvement.<\/p>\n<p>Dix bougies et pas une ride<\/p>\n<p>Le visage juv\u00e9nile de Lucas Lett, alias frimoussedu67, a bien chang\u00e9 depuis dix ans mais sa passion pour Minecraft n\u2019a pas pris une ride. Le pseudo est rest\u00e9 malgr\u00e9 la d\u00e9cennie pass\u00e9e et les milliers de cubes assembl\u00e9s,&#8230;<\/p>\n","protected":false},"excerpt":{"rendered":"Devenu ing\u00e9nieur depuis les pr\u00e9misses du projet Achencraft en 2015 , son cr\u00e9ateur Lucas Lett y consacre toujours&hellip;\n","protected":false},"author":2,"featured_media":333655,"comment_status":"","ping_status":"","sticky":false,"template":"","format":"standard","meta":{"footnotes":""},"categories":[2820],"tags":[1111,11,1687,2880,1777,674,107,1011,27,775,1757,1036,3035,12,25,4604,640,2879],"class_list":{"0":"post-333654","1":"post","2":"type-post","3":"status-publish","4":"format-standard","5":"has-post-thumbnail","7":"category-strasbourg","8":"tag-actu","9":"tag-actualites","10":"tag-culture-loisirs","11":"tag-edition-strasbourg","12":"tag-eu","13":"tag-europe","14":"tag-fil-info","15":"tag-fr","16":"tag-france","17":"tag-grand-est","18":"tag-insolite","19":"tag-jeux-video","20":"tag-la-matinale-strasbourg","21":"tag-news","22":"tag-republique-francaise","23":"tag-selection-abonne","24":"tag-strasbourg","25":"tag-strasbourg-ville"},"share_on_mastodon":{"url":"https:\/\/pubeurope.com\/@fr\/115066180957361521","error":""},"_links":{"self":[{"href":"https:\/\/www.europesays.com\/fr\/wp-json\/wp\/v2\/posts\/333654","targetHints":{"allow":["GET"]}}],"collection":[{"href":"https:\/\/www.europesays.com\/fr\/wp-json\/wp\/v2\/posts"}],"about":[{"href":"https:\/\/www.europesays.com\/fr\/wp-json\/wp\/v2\/types\/post"}],"author":[{"embeddable":true,"href":"https:\/\/www.europesays.com\/fr\/wp-json\/wp\/v2\/users\/2"}],"replies":[{"embeddable":true,"href":"https:\/\/www.europesays.com\/fr\/wp-json\/wp\/v2\/comments?post=333654"}],"version-history":[{"count":0,"href":"https:\/\/www.europesays.com\/fr\/wp-json\/wp\/v2\/posts\/333654\/revisions"}],"wp:featuredmedia":[{"embeddable":true,"href":"https:\/\/www.europesays.com\/fr\/wp-json\/wp\/v2\/media\/333655"}],"wp:attachment":[{"href":"https:\/\/www.europesays.com\/fr\/wp-json\/wp\/v2\/media?parent=333654"}],"wp:term":[{"taxonomy":"category","embeddable":true,"href":"https:\/\/www.europesays.com\/fr\/wp-json\/wp\/v2\/categories?post=333654"},{"taxonomy":"post_tag","embeddable":true,"href":"https:\/\/www.europesays.com\/fr\/wp-json\/wp\/v2\/tags?post=333654"}],"curies":[{"name":"wp","href":"https:\/\/api.w.org\/{rel}","templated":true}]}}