{"id":333660,"date":"2025-08-21T10:04:16","date_gmt":"2025-08-21T10:04:16","guid":{"rendered":"https:\/\/www.europesays.com\/fr\/333660\/"},"modified":"2025-08-21T10:04:16","modified_gmt":"2025-08-21T10:04:16","slug":"nice-ville-la-plus-chere-de-province-pour-les-etudiants-notamment-en-raison-de-loyers-tres-eleves","status":"publish","type":"post","link":"https:\/\/www.europesays.com\/fr\/333660\/","title":{"rendered":"Nice, ville la plus ch\u00e8re de province pour les \u00e9tudiants, notamment en raison de loyers tr\u00e8s \u00e9lev\u00e9s"},"content":{"rendered":"<p class=\"article__intro\">Selon le classement annuel du syndicat \u00e9tudiant de l&rsquo;Unef, Nice est la ville la plus ch\u00e8re pour les \u00e9tudiants en dehors de l&rsquo;\u00cele-de-France. Les prix des loyers p\u00e8sent notamment dans le budget \u00e9tudiant.<\/p>\n<p>\n      La Quotidienne Soci\u00e9t\u00e9\n    <\/p>\n<p>\n      De la vie quotidienne aux grands enjeux, recevez tous les jours les sujets qui font la soci\u00e9t\u00e9 locale, comme la justice, l\u2019\u00e9ducation, la sant\u00e9 et la famille.\n    <\/p>\n<p>    France T\u00e9l\u00e9visions utilise votre adresse e-mail afin de vous envoyer la newsletter \u00ab\u00a0La Quotidienne Soci\u00e9t\u00e9\u00a0\u00bb. Vous pouvez vous d\u00e9sinscrire \u00e0 tout moment via le lien en bas de cette newsletter. <a target=\"_blank\" href=\"https:\/\/www.francetelevisions.fr\/groupe\/confidentialite\/politique-de-confidentialite\/politique-de-confidentialite-de-france-televisions-6503\" rel=\"nofollow noopener\">Notre politique de confidentialit\u00e9<\/a><\/p>\n<p>Nice est dans le top 7 des villes les plus ch\u00e8res pour <a href=\"https:\/\/france3-regions.franceinfo.fr\/societe\/etudiant\" target=\"_blank\" rel=\"noopener nofollow\">les \u00e9tudiants<\/a>. En dehors de l&rsquo;\u00cele-de-France, il s&rsquo;agit m\u00eame de la ville de province la plus co\u00fbteuse selon le rapport annuel de <a href=\"https:\/\/unef.fr\" target=\"_blank\" rel=\"noopener nofollow\">l&rsquo;Union nationale des \u00e9tudiants de France <\/a>(Unef).<\/p>\n<p>Un tableau publi\u00e9 sur le compte Instagram du syndicat d\u00e9taille ce classement. Sans surprise, Paris culmine avec un co\u00fbt mensuel estim\u00e9 \u00e0 1626,76 euros. Pour le syndicat \u00e9tudiant, il s&rsquo;agit d&rsquo;un nouveau \u00ab\u00a0constat alarmant d&rsquo;une pr\u00e9carit\u00e9 \u00e9tudiante qui s&rsquo;enracine durablement dans le paysage de l&rsquo;enseignement sup\u00e9rieur fran\u00e7ais.\u00a0\u00bb<\/p>\n<p>\u00c0 Nice, selon l&rsquo;Unef, un \u00e9tudiant d\u00e9pense en moyenne par mois 1370,15 euros. Le co\u00fbt de la vie a augment\u00e9 de 5,15% en l&rsquo;espace d&rsquo;un an. L&rsquo;ann\u00e9e derni\u00e8re d\u00e9j\u00e0, en 2024, <a href=\"https:\/\/unef.fr\/wp-content\/uploads\/2024\/08\/Classement-des-villes-2024.pdf\" target=\"_blank\" rel=\"noopener nofollow\">la ville azur\u00e9enne <\/a>\u00e9tait class\u00e9e 7e concernant le co\u00fbt de ses loyers et de sa vie \u00e9tudiante.<\/p>\n<p>\u00c0 l&rsquo;\u00e9chelle nationale, <a href=\"https:\/\/unef.fr\/wp-content\/uploads\/2025\/08\/Enquete-UNEF-2025.pdf\" target=\"_blank\" rel=\"noopener nofollow\">l&rsquo;enqu\u00eate <\/a>sur l&rsquo;\u00e9volution du co\u00fbt de la vie \u00e9tudiante, publi\u00e9e mercredi 20 ao\u00fbt, pointe une augmentation de 4,12% depuis l&rsquo;ann\u00e9e derni\u00e8re. Dans l&rsquo;ensemble du budget \u00e9tudiant, c&rsquo;est le loyer qui p\u00e8se le plus lourd. Ce dernier a en effet augment\u00e9 de 2,46% dans le priv\u00e9 et d&rsquo;un peu plus concernant les loyers du CROUS.<\/p>\n<p>Apr\u00e8s la r\u00e9gion parisienne, les loyers ni\u00e7ois sont les plus chers de France. Ils co\u00fbtent en moyenne 675 euros \u00e0 un \u00e9tudiant par mois. En fonction des villes, les d\u00e9penses augmentent aussi du c\u00f4t\u00e9 des transports et de l&rsquo;alimentation.<\/p>\n","protected":false},"excerpt":{"rendered":"Selon le classement annuel du syndicat \u00e9tudiant de l&rsquo;Unef, Nice est la ville la plus ch\u00e8re pour les&hellip;\n","protected":false},"author":2,"featured_media":333661,"comment_status":"","ping_status":"","sticky":false,"template":"","format":"standard","meta":{"footnotes":""},"categories":[2819],"tags":[1111,11,1777,674,1011,27,12,2401,882,25],"class_list":{"0":"post-333660","1":"post","2":"type-post","3":"status-publish","4":"format-standard","5":"has-post-thumbnail","7":"category-nice","8":"tag-actu","9":"tag-actualites","10":"tag-eu","11":"tag-europe","12":"tag-fr","13":"tag-france","14":"tag-news","15":"tag-nice","16":"tag-provence-alpes-cote-dazur","17":"tag-republique-francaise"},"share_on_mastodon":{"url":"https:\/\/pubeurope.com\/@fr\/115066192870758641","error":""},"_links":{"self":[{"href":"https:\/\/www.europesays.com\/fr\/wp-json\/wp\/v2\/posts\/333660","targetHints":{"allow":["GET"]}}],"collection":[{"href":"https:\/\/www.europesays.com\/fr\/wp-json\/wp\/v2\/posts"}],"about":[{"href":"https:\/\/www.europesays.com\/fr\/wp-json\/wp\/v2\/types\/post"}],"author":[{"embeddable":true,"href":"https:\/\/www.europesays.com\/fr\/wp-json\/wp\/v2\/users\/2"}],"replies":[{"embeddable":true,"href":"https:\/\/www.europesays.com\/fr\/wp-json\/wp\/v2\/comments?post=333660"}],"version-history":[{"count":0,"href":"https:\/\/www.europesays.com\/fr\/wp-json\/wp\/v2\/posts\/333660\/revisions"}],"wp:featuredmedia":[{"embeddable":true,"href":"https:\/\/www.europesays.com\/fr\/wp-json\/wp\/v2\/media\/333661"}],"wp:attachment":[{"href":"https:\/\/www.europesays.com\/fr\/wp-json\/wp\/v2\/media?parent=333660"}],"wp:term":[{"taxonomy":"category","embeddable":true,"href":"https:\/\/www.europesays.com\/fr\/wp-json\/wp\/v2\/categories?post=333660"},{"taxonomy":"post_tag","embeddable":true,"href":"https:\/\/www.europesays.com\/fr\/wp-json\/wp\/v2\/tags?post=333660"}],"curies":[{"name":"wp","href":"https:\/\/api.w.org\/{rel}","templated":true}]}}