{"id":333662,"date":"2025-08-21T10:05:09","date_gmt":"2025-08-21T10:05:09","guid":{"rendered":"https:\/\/www.europesays.com\/fr\/333662\/"},"modified":"2025-08-21T10:05:09","modified_gmt":"2025-08-21T10:05:09","slug":"partis-de-nantes-pour-paris-le-calvaire-des-passagers-dun-train-ouigo","status":"publish","type":"post","link":"https:\/\/www.europesays.com\/fr\/333662\/","title":{"rendered":"partis de Nantes pour Paris, le calvaire des passagers d&rsquo;un train Ouigo"},"content":{"rendered":"<p>            Par<br \/>\n        <strong><br \/>\n            <a href=\"https:\/\/actu.fr\/auteur\/thomas-bernard\" title=\"Consulter tous les articles de Thomas Bernard\" target=\"_blank\" rel=\"noopener\">Thomas Bernard<\/a><br \/>\n        <\/strong><\/p>\n<p>        Publi\u00e9 le<\/p>\n<p>            21 ao\u00fbt 2025 \u00e0 11h49        <\/p>\n<p>Ce devait \u00eatre un simple trajet, il s\u2019est <strong>transform\u00e9 en v\u00e9ritable p\u00e9riple<\/strong>. Ce mercredi 20\u00a0ao\u00fbt 2025, le train Ouigo n\u00b04080 au d\u00e9part de <a href=\"https:\/\/actu.fr\/nantes\/\" target=\"_blank\" rel=\"noopener\">Nantes<\/a> devait rejoindre la gare Paris-Austerlitz. Parti \u00e0 7h38 de la ville de Jules Verne, l\u2019engin ferroviaire devait rejoindre la capitale pour 11h46, <strong>mais rien ne s\u2019est pass\u00e9 comme pr\u00e9vu<\/strong>. R\u00e9cit.<\/p>\n<p>Une panne \u00e9lectrique<\/p>\n<p class=\" wall-content\">Aux alentours de 9h30, le train s\u2019arr\u00eate pr\u00e8s de <a href=\"https:\/\/actu.fr\/centre-val-de-loire\/nogent-le-rotrou_28280\" target=\"_blank\" rel=\"noopener\">Nogent-le-Rotrou<\/a> (Eure-et-Loir) en raison d\u2019une<strong> panne d\u2019alimentation \u00e9lectrique<\/strong> \u00e0 la <a href=\"https:\/\/actu.fr\/pays-de-la-loire\/la-ferte-bernard_72132\" target=\"_blank\" rel=\"noopener\">Fert\u00e9-Bernard<\/a> (Sarthe). Sur<a href=\"https:\/\/x.com\/TERPays2LaLoire\"> son compte X<\/a>, le compte Ter Pays de Loire annonce une intervention jusqu\u2019\u00e0 12h. Sauf que la panne s\u2019av\u00e8re plus complexe que pr\u00e9vu, perturbant fortement le trafic ferroviaire entre Nogent-le-Rotrou et Le\u00a0Mans.<\/p>\n<p class=\" wall-content\">\n<p class=\" wall-content\">Pendant plusieurs heures, <strong>les passagers du Ouigo N\u00b04080 sont coinc\u00e9s dans le train<\/strong>. Une situation qui agace les voyageurs.<\/p>\n<p>Collation payante<\/p>\n<p class=\" wall-content\">\u00ab\u2009Nous sommes actuellement bloqu\u00e9s depuis environ 9h30, soit pr\u00e8s de 5\u00a0heures\u2009\u00bb, \u00e9crit en milieu d\u2019apr\u00e8s-midi, Tom, l\u2019un des passagers du train, contact\u00e9 par la r\u00e9daction. Une attente interminable, d\u2019autant plus que tous les voyageurs ne disposent <strong>pas d\u2019eau et de nourriture,<\/strong> pensant que ce trajet ferroviaire serait une formalit\u00e9.<\/p>\n<blockquote class=\"ac-article-quote wall-content\">\n<p>Une seule bouteille d\u2019eau de 33\u202fcl a \u00e9t\u00e9 distribu\u00e9e, et uniquement dans un wagon. Les autres passagers ont d\u00fb en demander aux membres du personnel. Ce dernier a \u00e9galement proc\u00e9d\u00e9 \u00e0 la vente de collations (chips, cacahu\u00e8tes) \u00e0 des prix assez \u00e9lev\u00e9s. Comme le terminal de paiement ne fonctionnait plus, le r\u00e8glement ne pouvait se faire qu\u2019en esp\u00e8ces. Aucune collation n\u2019a \u00e9t\u00e9 distribu\u00e9e gratuitement.<\/p>\n<p>    <strong>Tom<\/strong><br \/>\n        Passager du Ouigo N\u00b04080    <\/p><\/blockquote>\n<p class=\" wall-content\">Le Ouigo doit rejoindre la ville de Nogent-le-Rotrou afin de disposer d\u2019une portion \u00e9lectrique afin de rallier la capitale. Pour ce faire,<strong> une locomotive diesel est alors accroch\u00e9e au train immobile<\/strong>, en milieu d\u2019apr\u00e8s-midi.<\/p>\n<p>Votre r\u00e9gion, votre actu !<\/p>\n<p>Recevez chaque jour les infos qui comptent pour vous.<\/p>\n<p>\t<a href=\"https:\/\/actu.fr\/newsletter\" class=\"ac-btn ac-btn--corner ac-btn--medium ac-btn--blue800\" target=\"_blank\" rel=\"noopener\">S&rsquo;incrire<\/a><\/p>\n<p class=\" wall-content\">\u00ab\u2009La locomotive diesel vient de pousser notre train. Mais depuis 1 heure nous n\u2019avons plus d\u2019\u00e9lectricit\u00e9 ni de climatisation\u2009\u00bb, d\u00e9plore Tom \u00e0 <a href=\"https:\/\/actu.fr\/nantes\/\" target=\"_blank\" rel=\"noopener\">actu Nantes<\/a>.<\/p>\n<p class=\" wall-content\">Contact\u00e9e, la SNCF assure avoir <strong>distribu\u00e9 une bouteille d\u2019eau \u00e0 tous les voyageurs<\/strong> notamment lors d\u2019un \u00ab\u2009arr\u00eat ravitaillement \u00e0 la gare de Chartres\u2009\u00bb. Concernant la climatisation, celle-ci a \u00e9t\u00e9 coup\u00e9e une partie du voyage lorsque la locomotive diesel a \u00e9t\u00e9 accroch\u00e9e au Ouigo, mais effective la majorit\u00e9 du trajet.<\/p>\n<p>Sept heures de retard<\/p>\n<p class=\" wall-content\">Le train Ouigo rejoint la gare de Chartres peu avant 17h. Selon Tom, la rame marque ensuite deux arr\u00eats sur le chemin vers Paris. \u00ab\u2009Le premier, d\u2019environ 15\u00a0minutes, pour laisser passer un autre train, et le second en raison d\u2019une panne de signalisation.\u2009\u00bb<\/p>\n<p class=\" wall-content\">Le Ouigo n\u00b04080 arrive \u00e0 son terminus, Paris-Austerlitz, \u00e0 <strong>18\u2009h\u200955<\/strong>, <strong>soit sept heures de retard par rapport au trajet initial<\/strong>. Partis de Nantes \u00e0 l\u2019aube, les voyageurs ont pu rejoindre la capitale en soir\u00e9e apr\u00e8s une journ\u00e9e interminable. \u00ab\u2009Il y a eu un retard cons\u00e9quent\u2009\u00bb, conc\u00e8de la SNCF.<\/p>\n<p class=\" wall-content\">Plusieurs passagers du train ont d\u2019ores et d\u00e9j\u00e0 r\u00e9clam\u00e9 \u00ab\u2009des compensations justes au regard des circonstances\u2009\u00bb.<\/p>\n<p class=\" wall-content\">Personnalisez votre actualit\u00e9 en ajoutant vos villes et m\u00e9dias en favori avec <a href=\"https:\/\/moncompte.actu.fr\" title=\"D\u00e9couvez Mon Actu\" rel=\"nofollow noopener\" data-trk=\"{&quot;cta&quot;:{&quot;action&quot;:&quot;https:\\\/\\\/moncompte.actu.fr&quot;,&quot;category&quot;:&quot;mon compte&quot;,&quot;from&quot;:&quot;article footer&quot;,&quot;name&quot;:&quot;Mon actu&quot;,&quot;type&quot;:&quot;cta&quot;}}\" target=\"_blank\">Mon Actu<\/a>.<\/p>\n","protected":false},"excerpt":{"rendered":"Par Thomas Bernard Publi\u00e9 le 21 ao\u00fbt 2025 \u00e0 11h49 Ce devait \u00eatre un simple trajet, il s\u2019est&hellip;\n","protected":false},"author":2,"featured_media":333663,"comment_status":"","ping_status":"","sticky":false,"template":"","format":"standard","meta":{"footnotes":""},"categories":[2818],"tags":[1111,11,1777,674,1011,27,766,12,2636,25,2215,104],"class_list":{"0":"post-333662","1":"post","2":"type-post","3":"status-publish","4":"format-standard","5":"has-post-thumbnail","7":"category-nantes","8":"tag-actu","9":"tag-actualites","10":"tag-eu","11":"tag-europe","12":"tag-fr","13":"tag-france","14":"tag-nantes","15":"tag-news","16":"tag-pays-de-la-loire","17":"tag-republique-francaise","18":"tag-sncf","19":"tag-societe"},"share_on_mastodon":{"url":"https:\/\/pubeurope.com\/@fr\/115066196737633583","error":""},"_links":{"self":[{"href":"https:\/\/www.europesays.com\/fr\/wp-json\/wp\/v2\/posts\/333662","targetHints":{"allow":["GET"]}}],"collection":[{"href":"https:\/\/www.europesays.com\/fr\/wp-json\/wp\/v2\/posts"}],"about":[{"href":"https:\/\/www.europesays.com\/fr\/wp-json\/wp\/v2\/types\/post"}],"author":[{"embeddable":true,"href":"https:\/\/www.europesays.com\/fr\/wp-json\/wp\/v2\/users\/2"}],"replies":[{"embeddable":true,"href":"https:\/\/www.europesays.com\/fr\/wp-json\/wp\/v2\/comments?post=333662"}],"version-history":[{"count":0,"href":"https:\/\/www.europesays.com\/fr\/wp-json\/wp\/v2\/posts\/333662\/revisions"}],"wp:featuredmedia":[{"embeddable":true,"href":"https:\/\/www.europesays.com\/fr\/wp-json\/wp\/v2\/media\/333663"}],"wp:attachment":[{"href":"https:\/\/www.europesays.com\/fr\/wp-json\/wp\/v2\/media?parent=333662"}],"wp:term":[{"taxonomy":"category","embeddable":true,"href":"https:\/\/www.europesays.com\/fr\/wp-json\/wp\/v2\/categories?post=333662"},{"taxonomy":"post_tag","embeddable":true,"href":"https:\/\/www.europesays.com\/fr\/wp-json\/wp\/v2\/tags?post=333662"}],"curies":[{"name":"wp","href":"https:\/\/api.w.org\/{rel}","templated":true}]}}