{"id":333664,"date":"2025-08-21T10:06:15","date_gmt":"2025-08-21T10:06:15","guid":{"rendered":"https:\/\/www.europesays.com\/fr\/333664\/"},"modified":"2025-08-21T10:06:15","modified_gmt":"2025-08-21T10:06:15","slug":"nouveau-maillot-europe-25-26","status":"publish","type":"post","link":"https:\/\/www.europesays.com\/fr\/333664\/","title":{"rendered":"Nouveau Maillot Europe 25-26"},"content":{"rendered":"<p>\u00c0 quelques semaines du retour de la Ligue des Champions \u00e0 Nantes, et qui plus est, avec un choc franco-allemand face \u00e0 Berlin pour d\u00e9buter, le HBC Nantes est heureux de d\u00e9voiler \u00e0 ses supporters, son nouveau maillot europ\u00e9en pour la saison 2025-2026.<\/p>\n<p>\u00a0<\/p>\n<p><strong>Inspir\u00e9 de l\u2019univers de Jules Verne, dont Nantes fut le berceau de l\u2019imaginaire, ce maillot graphique accompagnera le \u00ab H \u00bb \u00e0 travers toute l\u2019Europe cette saison.<\/strong><\/p>\n<p>L\u2019Europe, v\u00e9ritable terrain d\u2019exploration dans les r\u00e9cits du c\u00e9l\u00e8bre \u00e9crivain, devient \u00e0 nouveau celui du HBC Nantes, qui s\u2019appr\u00eate \u00e0 vivre sa 15\u00e8me aventure europ\u00e9enne cons\u00e9cutive.<\/p>\n<p>Con\u00e7u en collaboration avec Nike et 11TeamSports, ce maillot aux couleurs sombres et intenses allie design affirm\u00e9 et innovation technique, des valeurs ch\u00e8res \u00e0 Jules Verne, o\u00f9 chaque exp\u00e9dition rime avec audace et modernit\u00e9.<\/p>\n<p>L\u2019aventure commence \u00e0 Nantes, l\u00e0 m\u00eame o\u00f9 l\u2019imaginaire de Jules Verne a pris le large. Pour le \u00ab H \u00bb, c\u2019est le d\u00e9but d\u2019un nouveau chapitre \u00e0 \u00e9crire \u00e0 travers l\u2019Europe.<\/p>\n<p>\u00a0<\/p>\n<p>Pour tous les supporters du \u00ab H \u00bb, ce nouveau maillot est d\u00e9j\u00e0 disponible sur notre boutique en ligne, et \u00e0 la boutique officielle le mercredi apr\u00e8s-midi et les soirs de matchs.<\/p>\n<p><strong>Du 6 ans au 3XL \u27a1\ufe0f <\/strong><a href=\"https:\/\/boutique.hbcnantes.com\/fr\/77-third-europe\" target=\"_blank\" rel=\"noopener nofollow\">Boutique en ligne<\/a><\/p>\n<p><img decoding=\"async\" src=\"https:\/\/www.europesays.com\/fr\/wp-content\/uploads\/2025\/08\/2526-maillot-europe-02881.jpg\"\/><\/p>\n","protected":false},"excerpt":{"rendered":"\u00c0 quelques semaines du retour de la Ligue des Champions \u00e0 Nantes, et qui plus est, avec un&hellip;\n","protected":false},"author":2,"featured_media":333665,"comment_status":"","ping_status":"","sticky":false,"template":"","format":"standard","meta":{"footnotes":""},"categories":[2818],"tags":[1111,11,1777,674,1011,27,766,12,2636,25],"class_list":{"0":"post-333664","1":"post","2":"type-post","3":"status-publish","4":"format-standard","5":"has-post-thumbnail","7":"category-nantes","8":"tag-actu","9":"tag-actualites","10":"tag-eu","11":"tag-europe","12":"tag-fr","13":"tag-france","14":"tag-nantes","15":"tag-news","16":"tag-pays-de-la-loire","17":"tag-republique-francaise"},"share_on_mastodon":{"url":"https:\/\/pubeurope.com\/@fr\/115066200824594028","error":""},"_links":{"self":[{"href":"https:\/\/www.europesays.com\/fr\/wp-json\/wp\/v2\/posts\/333664","targetHints":{"allow":["GET"]}}],"collection":[{"href":"https:\/\/www.europesays.com\/fr\/wp-json\/wp\/v2\/posts"}],"about":[{"href":"https:\/\/www.europesays.com\/fr\/wp-json\/wp\/v2\/types\/post"}],"author":[{"embeddable":true,"href":"https:\/\/www.europesays.com\/fr\/wp-json\/wp\/v2\/users\/2"}],"replies":[{"embeddable":true,"href":"https:\/\/www.europesays.com\/fr\/wp-json\/wp\/v2\/comments?post=333664"}],"version-history":[{"count":0,"href":"https:\/\/www.europesays.com\/fr\/wp-json\/wp\/v2\/posts\/333664\/revisions"}],"wp:featuredmedia":[{"embeddable":true,"href":"https:\/\/www.europesays.com\/fr\/wp-json\/wp\/v2\/media\/333665"}],"wp:attachment":[{"href":"https:\/\/www.europesays.com\/fr\/wp-json\/wp\/v2\/media?parent=333664"}],"wp:term":[{"taxonomy":"category","embeddable":true,"href":"https:\/\/www.europesays.com\/fr\/wp-json\/wp\/v2\/categories?post=333664"},{"taxonomy":"post_tag","embeddable":true,"href":"https:\/\/www.europesays.com\/fr\/wp-json\/wp\/v2\/tags?post=333664"}],"curies":[{"name":"wp","href":"https:\/\/api.w.org\/{rel}","templated":true}]}}