{"id":333666,"date":"2025-08-21T10:07:11","date_gmt":"2025-08-21T10:07:11","guid":{"rendered":"https:\/\/www.europesays.com\/fr\/333666\/"},"modified":"2025-08-21T10:07:11","modified_gmt":"2025-08-21T10:07:11","slug":"festival-tam-taillan-medoc-2025-rdv-gourmand-et-familial","status":"publish","type":"post","link":"https:\/\/www.europesays.com\/fr\/333666\/","title":{"rendered":"Festival TAM Taillan-M\u00e9doc 2025 : RDV gourmand et familial"},"content":{"rendered":"<p><strong>Le Festival TAM, pour Tout \u00c0 Manger, revient pour sa 2\u1d49 \u00e9dition le samedi 30 ao\u00fbt 2025, de 15h \u00e0 21h30, au Parc du Presbyt\u00e8re au Taillan-M\u00e9doc. Au programme : march\u00e9 de producteurs, ateliers cuisine, d\u00e9gustations, concerts, animations pour les familles et m\u00eame un challenge de confitures maison. L\u2019entr\u00e9e est gratuite, et l\u2019\u00e9v\u00e9nement s\u2019annonce comme une belle fa\u00e7on de dire au revoir \u00e0 l\u2019\u00e9t\u00e9 autour de la convivialit\u00e9 et de la gourmandise.<\/strong><\/p>\n<p>Un festival qui met les producteurs \u00e0 l\u2019honneur<\/p>\n<p>Le <a href=\"https:\/\/www.taillan-medoc.fr\/agenda\/agenda\/festival-tout-a-manger\/?context=eyJwYXJhbXMiOnsic2l6ZSI6MTIsImxvbmdEZXNjcmlwdGlvbkZvcm1hdCI6IkhUTUxXaXRoRW1iZWRzIiwiaW5jbHVkZUxhYmVscyI6dHJ1ZSwiY21zIjoid3AiLCJob3N0IjoiaHR0cHM6XC9cL3d3dy50YWlsbGFuLW1lZG9jLmZyIiwidXNlc19zaXRlX2VkaXRvciI6ZmFsc2V9LCJmaWx0ZXJzIjp7InJlbGF0aXZlIjpbImN1cnJlbnQiLCJ1cGNvbWluZyJdfSwicGFnZSI6MSwidG90YWwiOjEzLCJldmVudF9vZmZzZXQiOjV9\" target=\"_blank\" rel=\"noreferrer noopener nofollow\">Festival Tout \u00c0 Manger<\/a> est une grande f\u00eate gourmande en plus d\u2019\u00eatre un rendez-vous qui <strong>valorise les producteurs et artisans du territoire.<\/strong> Dans le parc, un gr<strong>and march\u00e9 <\/strong>prend place d\u00e8s 15h. On y trouve de tout : <strong>l\u00e9gumes frais, fromages, bi\u00e8res locales, vins du M\u00e9doc, herbes aromatiques, bocaux pr\u00e9par\u00e9s et douceurs sucr\u00e9es<\/strong>.<\/p>\n<p>Les visiteurs peuvent remplir leur panier mais aussi d\u00e9couvrir de nouvelles pratiques. L\u2019AMAP du Taillan pr\u00e9sente son syst\u00e8me de paniers de saison, une fa\u00e7on concr\u00e8te de soutenir l\u2019agriculture locale tout au long de l\u2019ann\u00e9e. C\u2019est d\u2019ailleurs ce que j\u2019ai trouv\u00e9 sympa l\u2019an pass\u00e9 : discuter avec les producteurs directement, comprendre leur savoir-faire et repartir avec de bons produits pour la maison.<\/p>\n<p><img loading=\"lazy\" decoding=\"async\" width=\"700\" height=\"280\" src=\"https:\/\/www.europesays.com\/fr\/wp-content\/uploads\/2025\/08\/festival-tam-taillan-medoc.jpg\" alt=\"Festival TAM (tout \u00e0 manger) au Taillan-M\u00e9doc\" class=\"wp-image-18811315\" title=\"Le 30 ao\u00fbt, un festival familial et gourmand s\u2019installe au Parc du Presbyt\u00e8re au Taillan-M\u00e9doc 1\"  \/><\/p>\n<p>Des animations pour les familles et les enfants<\/p>\n<p>Le <strong>festival TAM<\/strong> n\u2019oublie personne. Si les adultes se r\u00e9galent sur le march\u00e9, les plus jeunes trouvent largement de quoi s\u2019occuper. Des <strong>jeux pour les enfants<\/strong>, des coins lecture, des <strong>ateliers participatifs<\/strong> et des <strong>animations nature<\/strong> rythment l\u2019apr\u00e8s-midi.<\/p>\n<p>Entre 15h et 16h30, les plus petits peuvent \u00e9couter des <strong>histoires gourmandes au th\u00e9\u00e2tre de verdure<\/strong>. Les associations locales organisent aussi des ateliers pratiques : astuces de jardinage avec l\u2019AJT, cuisine avec E-graine Nouvelle-Aquitaine, ou encore un coin troc de livres sur le th\u00e8me de l\u2019alimentation.<\/p>\n<p>Et comme tout festival r\u00e9ussi, il y a aussi une dimension ludique et sensorielle. J\u2019ai test\u00e9 la d\u00e9gustation de confitures \u00e0 l\u2019aveugle l\u2019an dernier : \u00e9tonnant et dr\u00f4le, surtout quand on se trompe compl\u00e8tement sur les saveurs.<\/p>\n<p>Le challenge de confitures maison<\/p>\n<p>Parmi les moments phares, le <strong>concours de confitures maison<\/strong>. Trois cat\u00e9gories : classique, originale et l\u00e9gume. Le principe est simple : chacun apporte sa cr\u00e9ation, le jury go\u00fbte et r\u00e9compense les laur\u00e9ats. Les gagnants repartent avec un prix, mais surtout avec la fiert\u00e9 d\u2019avoir s\u00e9duit les papilles du public.<\/p>\n<p>Pour s\u2019inscrire, il suffit d\u2019envoyer un mail \u00e0 <strong><a>a.soucazeguillous@taillan-medoc.fr<\/a><\/strong> en pr\u00e9cisant la cat\u00e9gorie choisie. Personnellement, j\u2019aime l\u2019id\u00e9e que tout le monde puisse participer, des grands-m\u00e8res aux apprentis cuisiniers. Et il faut bien l\u2019avouer, go\u00fbter des confitures aux l\u00e9gumes, \u00e7a sort de l\u2019ordinaire.<\/p>\n<p>Une ambiance gourmande et musicale<\/p>\n<p>Au-del\u00e0 du march\u00e9 et des ateliers, l\u2019ambiance reste festive. Des <strong>food trucks<\/strong> s\u2019installent sur place, comme <strong>Les Goulus<\/strong> avec leurs burgers maison, et un bar \u00e0 confitures surprend les curieux. On peut accompagner tout \u00e7a d\u2019une bi\u00e8re artisanale ou d\u2019un verre de vin local.<\/p>\n<p>\u00c0 partir de 17h30, le groupe <strong>Jazzy\u2019n 5<\/strong> prend le relais pour un concert qui apporte une touche musicale chaleureuse. La musique accompagne parfaitement le coucher de soleil et prolonge l\u2019esprit convivial du <strong>festival au Taillan-M\u00e9doc<\/strong>.<\/p>\n<p>Retrouvez tous nos bons plans en cliquant <a href=\"https:\/\/quoifaireabordeaux.com\/category\/bons-plans\/\" target=\"_blank\" rel=\"noreferrer noopener nofollow\">ICI<\/a>.<\/p>\n<p>Ne manquez pas ce <a href=\"https:\/\/quoifaireabordeaux.com\/les-medievales-de-bouliac\/\" target=\"_blank\" rel=\"noreferrer noopener nofollow\">festival chevaleresque<\/a> \u00e0 seulement 15 minutes de Bordeaux !<\/p>\n<p>\t\t\t\t\t\t\t\t\t\t\tInformations pratiques<\/p>\n<p>concernant l&rsquo;\u00e9v\u00e9nement<\/p>\n<p data-start=\"4299\" data-end=\"4331\"><strong data-start=\"4299\" data-end=\"4307\">Date<\/strong> : Samedi 30 ao\u00fbt 2025<\/p>\n<p data-start=\"4334\" data-end=\"4389\"><strong data-start=\"4334\" data-end=\"4342\">Lieu<\/strong> : Parc du Presbyt\u00e8re, 33320 Le Taillan-M\u00e9doc<\/p>\n<p data-start=\"4392\" data-end=\"4423\"><strong data-start=\"4392\" data-end=\"4404\">Horaires<\/strong> : de 15h \u00e0 21h30<\/p>\n<p data-start=\"4426\" data-end=\"4464\"><strong data-start=\"4426\" data-end=\"4435\">Tarif<\/strong> : entr\u00e9e libre et gratuite<\/p>\n<p data-start=\"4467\" data-end=\"4634\"><strong data-start=\"4467\" data-end=\"4480\">Programme<\/strong> : march\u00e9 de producteurs, ateliers cuisine, d\u00e9gustations, animations enfants, challenge de confitures, concert Jazzy\u2019n 5, foodtrucks et bar \u00e0 confitures<\/p>\n<p data-start=\"4637\" data-end=\"4720\"><strong data-start=\"4637\" data-end=\"4674\">Inscriptions challenge confitures<\/strong> : mail \u00e0 <a class=\"cursor-pointer\" rel=\"noopener\" data-start=\"4684\" data-end=\"4718\">a.soucazeguillous@taillan-medoc.fr<\/a><\/p>\n","protected":false},"excerpt":{"rendered":"Le Festival TAM, pour Tout \u00c0 Manger, revient pour sa 2\u1d49 \u00e9dition le samedi 30 ao\u00fbt 2025, de&hellip;\n","protected":false},"author":2,"featured_media":333667,"comment_status":"","ping_status":"","sticky":false,"template":"","format":"standard","meta":{"footnotes":""},"categories":[2817],"tags":[1111,11,1997,1777,674,1011,27,12,2219,25],"class_list":{"0":"post-333666","1":"post","2":"type-post","3":"status-publish","4":"format-standard","5":"has-post-thumbnail","7":"category-bordeaux","8":"tag-actu","9":"tag-actualites","10":"tag-bordeaux","11":"tag-eu","12":"tag-europe","13":"tag-fr","14":"tag-france","15":"tag-news","16":"tag-nouvelle-aquitaine","17":"tag-republique-francaise"},"share_on_mastodon":{"url":"https:\/\/pubeurope.com\/@fr\/115066204630039323","error":""},"_links":{"self":[{"href":"https:\/\/www.europesays.com\/fr\/wp-json\/wp\/v2\/posts\/333666","targetHints":{"allow":["GET"]}}],"collection":[{"href":"https:\/\/www.europesays.com\/fr\/wp-json\/wp\/v2\/posts"}],"about":[{"href":"https:\/\/www.europesays.com\/fr\/wp-json\/wp\/v2\/types\/post"}],"author":[{"embeddable":true,"href":"https:\/\/www.europesays.com\/fr\/wp-json\/wp\/v2\/users\/2"}],"replies":[{"embeddable":true,"href":"https:\/\/www.europesays.com\/fr\/wp-json\/wp\/v2\/comments?post=333666"}],"version-history":[{"count":0,"href":"https:\/\/www.europesays.com\/fr\/wp-json\/wp\/v2\/posts\/333666\/revisions"}],"wp:featuredmedia":[{"embeddable":true,"href":"https:\/\/www.europesays.com\/fr\/wp-json\/wp\/v2\/media\/333667"}],"wp:attachment":[{"href":"https:\/\/www.europesays.com\/fr\/wp-json\/wp\/v2\/media?parent=333666"}],"wp:term":[{"taxonomy":"category","embeddable":true,"href":"https:\/\/www.europesays.com\/fr\/wp-json\/wp\/v2\/categories?post=333666"},{"taxonomy":"post_tag","embeddable":true,"href":"https:\/\/www.europesays.com\/fr\/wp-json\/wp\/v2\/tags?post=333666"}],"curies":[{"name":"wp","href":"https:\/\/api.w.org\/{rel}","templated":true}]}}