{"id":333668,"date":"2025-08-21T10:08:17","date_gmt":"2025-08-21T10:08:17","guid":{"rendered":"https:\/\/www.europesays.com\/fr\/333668\/"},"modified":"2025-08-21T10:08:17","modified_gmt":"2025-08-21T10:08:17","slug":"le-plus-precieux-objet-du-moyen-age-a-disparu-dans-cette-crypte-de-nouvelle-aquitaine-classee-par-lunesco","status":"publish","type":"post","link":"https:\/\/www.europesays.com\/fr\/333668\/","title":{"rendered":"Le plus pr\u00e9cieux objet du Moyen-\u00e2ge a disparu dans cette crypte de Nouvelle-Aquitaine class\u00e9e par l&rsquo;UNESCO"},"content":{"rendered":"<p>Nich\u00e9e sous la basilique Saint-Seurin, au c\u0153ur de Bordeaux, la crypte fait partie de ces lieux o\u00f9 l\u2019histoire se m\u00eale au sacr\u00e9, et o\u00f9 le myst\u00e8re affleure \u00e0 chaque pierre. Class\u00e9e au patrimoine mondial de l\u2019UNESCO au titre des Chemins de Compostelle, elle attire autant les passionn\u00e9s d\u2019arch\u00e9ologie que les voyageurs curieux et les p\u00e8lerins en qu\u00eate de spiritualit\u00e9.<\/p>\n<p>Lieu de m\u00e9moire, de culte et de myst\u00e8re, elle attire autant les passionn\u00e9s d\u2019histoire avides de l\u00e9gendes.<\/p>\n<p><img loading=\"lazy\" decoding=\"async\" src=\"https:\/\/www.europesays.com\/fr\/wp-content\/uploads\/2025\/08\/Bordeaux_basilique_Saint-Seurin_Saint-Jacques-de-Compostelle_credit_VatarDeJ_20241217_145010.webp.webp\" alt=\"Bordeaux basilique Saint Seurin Saint Jacques de Compostelle credit VatarDeJ\" width=\"710\" height=\"399\" style=\"display: block; margin-left: auto; margin-right: auto;\"\/><\/p>\n<p>La crypte de Saint-Seurin de Bordeaux : entre histoire, l\u00e9gendes et myst\u00e8res<\/p>\n<p>Une plong\u00e9e dans les origines de Bordeaux<\/p>\n<p>L\u2019histoire de la crypte d\u00e9bute bien avant l\u2019\u00e9dification de la basilique actuelle. Sous ses vo\u00fbtes, les arch\u00e9ologues ont mis au jour une n\u00e9cropole pal\u00e9ochr\u00e9tienne qui t\u00e9moigne de l\u2019occupation du site d\u00e8s le IV\u1d49 si\u00e8cle. Des sarcophages m\u00e9rovingiens et carolingiens, magnifiquement sculpt\u00e9s, racontent la permanence de ce lieu de s\u00e9pulture \u00e0 travers les si\u00e8cles.\u00a0<\/p>\n<p>Un cimeti\u00e8re vieux de seize si\u00e8cles<\/p>\n<p>Sous la basilique, les arch\u00e9ologues ont r\u00e9v\u00e9l\u00e9 une vaste n\u00e9cropole pal\u00e9ochr\u00e9tienne, dont les origines remontent au IV\u1d49 si\u00e8cle. Plus de 400 s\u00e9pultures ont \u00e9t\u00e9 mises au jour : sarcophages monolithes, tombes richement d\u00e9cor\u00e9es, mausol\u00e9es effondr\u00e9s\u2026 Autant de t\u00e9moins silencieux de l\u2019importance de ce site dans l\u2019histoire religieuse et fun\u00e9raire de Bordeaux.<\/p>\n<p>Du temps des premiers chr\u00e9tiens jusqu\u2019au Moyen \u00c2ge, Saint-Seurin \u00e9tait un haut lieu d\u2019inhumation. On y enterrait les notables, les saints locaux, et peut-\u00eatre m\u00eame certains compagnons de Charlemagne. Les fouilles montrent une stratification d\u2019\u00e9poques : on passe des amphores romaines aux pierres sculpt\u00e9es m\u00e9rovingiennes, des chapelles fun\u00e9raires m\u00e9di\u00e9vales aux r\u00e9emplois d\u2019\u00e9l\u00e9ments d\u00e9coratifs. Chaque sarcophage raconte une histoire : celle d\u2019un monde o\u00f9 la mort se liait intimement \u00e0 la foi et \u00e0 l\u2019esp\u00e9rance de r\u00e9surrection.<\/p>\n<p>Pour les habitants de Burdigala, l\u2019antique Bordeaux, Saint-Seurin repr\u00e9sentait un espace sacr\u00e9, un lien entre la terre et le divin. L\u2019importance spirituelle du lieu fut telle qu\u2019il devint rapidement un centre religieux majeur de la ville.<\/p>\n<p>La crypte, \u00e9tape des chemins de Compostelle<\/p>\n<p>Au Moyen \u00c2ge, Bordeaux \u00e9tait une \u00e9tape incontournable des p\u00e8lerins en marche vers Saint-Jacques-de-Compostelle. La crypte de Saint-Seurin offrait une halte riche en \u00e9motions : elle permettait de contempler les sarcophages des premiers chr\u00e9tiens, mais aussi de prier au contact de reliques v\u00e9n\u00e9r\u00e9es.<\/p>\n<blockquote><p>&#13;<\/p>\n<p>On descend sous la basilique, dans le caveau souterrain, on d\u00e9couvre les sarcophages m\u00e9rovingiens, on imagine alors les pas des p\u00e8lerins m\u00e9di\u00e9vaux et l\u2019on se laisse envelopper par l\u2019atmosph\u00e8re unique de ce lieu hors du temps !<\/p>\n<p>&#13;\n<\/p><\/blockquote>\n<p><img decoding=\"async\" src=\"https:\/\/www.europesays.com\/fr\/wp-content\/uploads\/2025\/08\/Bordeaux_basilique_Saint-Seurin_Saint-Jacques-de-Compostelle_credit_VatarDeJ_20241217_154807.webp.webp\" alt=\"Bordeaux basilique Saint Seurin, la crypte credit VatarDeJ \" width=\"473\" height=\"710\" style=\"display: block; margin-left: auto; margin-right: auto;\" loading=\"lazy\"\/><\/p>\n<p>La renomm\u00e9e de la basilique fut telle que chaque nouvel \u00e9v\u00eaque de Bordeaux devait s\u2019y rendre pour une c\u00e9r\u00e9monie d\u2019intronisation, signe du r\u00f4le central jou\u00e9 par Saint-Seurin dans la vie religieuse de la cit\u00e9.<\/p>\n<p>L\u00e9gendes et croyances populaires<\/p>\n<p>Mais la crypte ne se r\u00e9duit pas \u00e0 ses vestiges : elle est aussi habit\u00e9e par des r\u00e9cits et des croyances qui ont fa\u00e7onn\u00e9 l\u2019imaginaire bordelais.<\/p>\n<ul>&#13;<\/p>\n<li><strong>Saint Seurin<\/strong> (ou S\u00e9verin), \u00e9v\u00eaque de Bordeaux, aurait donn\u00e9 son nom \u00e0 la basilique. Certains ont cru reconna\u00eetre sa s\u00e9pulture parmi les sarcophages, bien que l\u2019histoire reste floue.<\/li>\n<p>&#13;<\/p>\n<li><strong>Saint Martial,<\/strong> venu de Limoges, aurait laiss\u00e9 son b\u00e2ton pastoral miraculeux sur place, rendant l\u2019\u00e9glise c\u00e9l\u00e8bre sur les chemins de Compostelle.<\/li>\n<p>&#13;<\/p>\n<li><strong>Saint Fort<\/strong> : son tombeau est encore visible dans la crypte. Le culte qui lui est associ\u00e9 \u00e9tait si populaire que des familles bordelaises venaient y d\u00e9poser leurs enfants le 16 mai, persuad\u00e9es qu\u2019ils en sortiraient \u00ab fortifi\u00e9s \u00bb. Ce rituel tirait en r\u00e9alit\u00e9 d\u2019un malentendu : le mot fort viendrait de feretrum, qui d\u00e9signait simplement une ch\u00e2sse. La croyance s\u2019est mu\u00e9e en personnage de saintet\u00e9.<\/li>\n<p>&#13;\n<\/ul>\n<p><img decoding=\"async\" src=\"https:\/\/www.europesays.com\/fr\/wp-content\/uploads\/2025\/08\/Bordeaux_basilique_Saint-Seurin_cemotaphe_de_Saint-Fort_credit_VatarDeJ_20241217_150338.webp.webp\" alt=\"Bordeaux basilique Saint Seurin cemotaphe de Saint Fort credit VatarDeJ\" width=\"473\" height=\"710\" style=\"display: block; margin-left: auto; margin-right: auto;\" loading=\"lazy\"\/><\/p>\n<p>Et puis, il y a le r\u00e9cit le plus c\u00e9l\u00e8bre : celui de <strong>l\u2019olifant de Roland<\/strong>. Selon la tradition, le cor du neveu de Charlemagne, h\u00e9ros de Roncevaux, aurait \u00e9t\u00e9 d\u00e9pos\u00e9 sur l\u2019autel de Saint-Seurin. Dans la Chanson de Roland, cet \u00e9pisode fait de Bordeaux un carrefour symbolique du destin chevaleresque et sacr\u00e9.<\/p>\n<p>Parmi les l\u00e9gendes attach\u00e9es \u00e0 la basilique et son s\u00e9pulcre, celle de Roland de Roncevaux, neveu de Charlemagne, occupe une place particuli\u00e8re. H\u00e9ros de la c\u00e9l\u00e8bre bataille de 778, Roland trouva la mort dans les gorges pyr\u00e9n\u00e9ennes, trahi par les Vascons. La tradition veut que Charlemagne, accabl\u00e9 par la perte de son preux chevalier, ait rapport\u00e9 \u00e0 Bordeaux l\u2019olifant de Roland, une corne d\u2019ivoire devenue symbole de sacrifice.<\/p>\n<p>Qu\u2019est devenu l\u2019olifant de Roland, d\u00e9pos\u00e9 par Charlemagne \u00e0 Bordeaux ?<\/p>\n<p>La Chanson de Roland, le grand po\u00e8me \u00e9pique du XI\u1d49 si\u00e8cle raconte la bataille de Roncevaux (778) et la mort h\u00e9ro\u00efque de Roland, neveu de Charlemagne :<\/p>\n<blockquote><p>&#13;<\/p>\n<p>Vint a Burdeles, la citet de\u2026 De sur l\u2019alter seint Sevrin le baron Met l\u2019oliphan plein d\u2019or e de manguns : Li pelerin le veient ki la vunt. \u00bb<\/p>\n<p>&#13;\n<\/p><\/blockquote>\n<p>Cela signifie que, selon la l\u00e9gende et la tradition litt\u00e9raire, l\u2019olifant de Roland (sa corne de guerre) aurait \u00e9t\u00e9 d\u00e9pos\u00e9 par Charlemagne sur l\u2019autel de la basilique Saint-Seurin \u00e0 Bordeaux.<\/p>\n<ul>&#13;<\/p>\n<li>\u00ab oliphan \u00bb = cor d\u2019ivoire de Roland, symbole de son courage \u00e0 Roncevaux.<\/li>\n<p>&#13;<\/p>\n<li>\u00ab Burdeles \u00bb = Bordeaux (forme m\u00e9di\u00e9vale du nom).<\/li>\n<p>&#13;<\/p>\n<li>\u00ab seint Sevrin \u00bb = Saint-Seurin.<\/li>\n<p>&#13;<\/p>\n<li>\u00ab Met l\u2019oliphan plein d\u2019or e de manguns \u00bb = Charlemagne y d\u00e9pose l\u2019olifant rempli d\u2019or et de richesses.<\/li>\n<p>&#13;<\/p>\n<li>\u00ab Li pelerin le veient ki la vunt \u00bb = Les p\u00e8lerins qui passent \u00e0 Saint-Seurin peuvent contempler cette relique.<\/li>\n<p>&#13;\n<\/ul>\n<p>La Chanson de Roland ancre Bordeaux et Saint-Seurin dans la l\u00e9gende carolingienne, en faisant de la basilique une \u00e9tape prestigieuse des p\u00e8lerins de Compostelle.\u00a0Chef-d\u2019\u0153uvrre de la litt\u00e9rature m\u00e9di\u00e9vale, elle relate cette offrande :<\/p>\n<blockquote><p>&#13;<\/p>\n<p>Il arriva \u00e0 Bordeaux, la cit\u00e9. Sur l\u2019autel de Saint-Seurin, le baron d\u00e9posa l\u2019olifant plein d\u2019or et de pierres pr\u00e9cieuses. Les p\u00e8lerins qui passent par l\u00e0 peuvent le voir. \u00ab\u00a0<\/p>\n<p>&#13;\n<\/p><\/blockquote>\n<p>D\u00e9pos\u00e9 sur l\u2019autel de la basilique, l\u2019olifant aurait fascin\u00e9 des g\u00e9n\u00e9rations de p\u00e8lerins sur les Chemins de Compostelle. Sa disparition, au fil des si\u00e8cles, ajoute aujourd\u2019hui une aura myst\u00e9rieuse \u00e0 la crypte. \u00c9tait-ce un tr\u00e9sor pill\u00e9 ? Une relique cach\u00e9e ? Nul ne le sait. Mais cette \u00e9nigme contribue encore \u00e0 l\u2019attraction presque magn\u00e9tique qu\u2019exerce le site sur les amateurs d\u2019histoire et de l\u00e9gendes.<\/p>\n<p>Au-del\u00e0 de l\u2019olifant, d\u2019autres r\u00e9cits nourrissent l\u2019imaginaire autour de Saint-Seurin. On dit que de nombreux chevaliers tomb\u00e9s au combat y auraient trouv\u00e9 s\u00e9pulture, que des reliques pr\u00e9cieuses y furent gard\u00e9es et que les murs eux-m\u00eames conservent la m\u00e9moire des grandes heures m\u00e9di\u00e9vales de Bordeaux.<\/p>\n<p>La crypte est devenu un t\u00e9moin arch\u00e9ologique exceptionnel, renfermant des reliques v\u00e9n\u00e9r\u00e9es, transf\u00e9r\u00e9es ou cach\u00e9es lors des invasions et pillages. Elle incarne le croisement de l\u2019histoire officielle et de la tradition populaire, entre certitudes des fouilles et r\u00e9cits transmis au fil des si\u00e8cles.<\/p>\n<p><img decoding=\"async\" src=\"https:\/\/www.europesays.com\/fr\/wp-content\/uploads\/2025\/08\/Bordeaux_crypte_Eglise_Saint-Seurin_Saint-Jacques-de-Compostelle_credit_VatarDeJ_20241217_155010.web.webp\" alt=\"Bordeaux crypte Eglise Saint Seurin Saint Jacques de Compostelle credit VatarDeJ\" width=\"416\" height=\"900\" style=\"display: block; margin-left: auto; margin-right: auto;\" loading=\"lazy\"\/><\/p>\n<p>Un site class\u00e9 au patrimoine mondial<\/p>\n<p>Inscrite au patrimoine mondial de l\u2019UNESCO en tant qu\u2019\u00e9tape des chemins de Saint-Jacques-de-Compostelle, la basilique Saint-Seurin et sa crypte occupent une place majeure dans l\u2019histoire de Bordeaux. Elle \u00e9tait l\u2019une des premi\u00e8res haltes pour les p\u00e8lerins en route vers Compostelle, attir\u00e9s par ses reliques et ses l\u00e9gendes. Aujourd\u2019hui encore, le site garde ce parfum de passage, de carrefour spirituel.<\/p>\n<p>Visiter la crypte de Saint-Seurin, c\u2019est accepter de se laisser guider \u00e0 travers seize si\u00e8cles de m\u00e9moire : des premiers chr\u00e9tiens \u00e0 Charlemagne, des saints v\u00e9n\u00e9r\u00e9s aux enfants confi\u00e9s \u00e0 Saint Fort, des p\u00e8lerins de Compostelle aux chercheurs modernes. C\u2019est un voyage au croisement de l\u2019histoire et du mythe.<\/p>\n<p><img decoding=\"async\" src=\"https:\/\/www.europesays.com\/fr\/wp-content\/uploads\/2025\/08\/Bordeaux_crypte_Eglise_Saint-Seurin_Saint-Jacques-de-Compostelle_credit_VatarDeJ_20241217_151004.web.webp\" alt=\"Bordeaux crypte Eglise Saint Seurin symbole credit VatarDeJ\" width=\"710\" height=\"399\" style=\"display: block; margin-left: auto; margin-right: auto;\" loading=\"lazy\"\/><\/p>\n<p>Et lorsque l\u2019on ressort \u00e0 la lumi\u00e8re, sur la place des Martyrs de la R\u00e9sistance, on garde en soi ce sentiment \u00e9trange d\u2019avoir effleur\u00e9 un secret, dans un lieu myst\u00e9rieux qui nous surprend et nous questionnent. Un secret que Bordeaux, jalouse de son patrimoine, ne d\u00e9voile qu\u2019aux curieux assez patients pour frapper \u00e0 la bonne porte.<\/p>\n<p>Un prochain article \u00e0 venir : Roland seigneur de Blaye !<\/p>\n<p>informations pratiques<\/p>\n<p><img decoding=\"async\" src=\"https:\/\/www.europesays.com\/fr\/wp-content\/uploads\/2025\/04\/favicon.png\" alt=\"\" width=\"60\" height=\"60\" data-alt=\"FAVICO\" loading=\"lazy\"\/>Sources de l&rsquo;article<\/p>\n","protected":false},"excerpt":{"rendered":"Nich\u00e9e sous la basilique Saint-Seurin, au c\u0153ur de Bordeaux, la crypte fait partie de ces lieux o\u00f9 l\u2019histoire&hellip;\n","protected":false},"author":2,"featured_media":333669,"comment_status":"","ping_status":"","sticky":false,"template":"","format":"standard","meta":{"footnotes":""},"categories":[2817],"tags":[1111,11,1997,1777,674,1011,27,12,2219,25],"class_list":{"0":"post-333668","1":"post","2":"type-post","3":"status-publish","4":"format-standard","5":"has-post-thumbnail","7":"category-bordeaux","8":"tag-actu","9":"tag-actualites","10":"tag-bordeaux","11":"tag-eu","12":"tag-europe","13":"tag-fr","14":"tag-france","15":"tag-news","16":"tag-nouvelle-aquitaine","17":"tag-republique-francaise"},"share_on_mastodon":{"url":"https:\/\/pubeurope.com\/@fr\/115066208903435032","error":""},"_links":{"self":[{"href":"https:\/\/www.europesays.com\/fr\/wp-json\/wp\/v2\/posts\/333668","targetHints":{"allow":["GET"]}}],"collection":[{"href":"https:\/\/www.europesays.com\/fr\/wp-json\/wp\/v2\/posts"}],"about":[{"href":"https:\/\/www.europesays.com\/fr\/wp-json\/wp\/v2\/types\/post"}],"author":[{"embeddable":true,"href":"https:\/\/www.europesays.com\/fr\/wp-json\/wp\/v2\/users\/2"}],"replies":[{"embeddable":true,"href":"https:\/\/www.europesays.com\/fr\/wp-json\/wp\/v2\/comments?post=333668"}],"version-history":[{"count":0,"href":"https:\/\/www.europesays.com\/fr\/wp-json\/wp\/v2\/posts\/333668\/revisions"}],"wp:featuredmedia":[{"embeddable":true,"href":"https:\/\/www.europesays.com\/fr\/wp-json\/wp\/v2\/media\/333669"}],"wp:attachment":[{"href":"https:\/\/www.europesays.com\/fr\/wp-json\/wp\/v2\/media?parent=333668"}],"wp:term":[{"taxonomy":"category","embeddable":true,"href":"https:\/\/www.europesays.com\/fr\/wp-json\/wp\/v2\/categories?post=333668"},{"taxonomy":"post_tag","embeddable":true,"href":"https:\/\/www.europesays.com\/fr\/wp-json\/wp\/v2\/tags?post=333668"}],"curies":[{"name":"wp","href":"https:\/\/api.w.org\/{rel}","templated":true}]}}