{"id":333670,"date":"2025-08-21T10:09:09","date_gmt":"2025-08-21T10:09:09","guid":{"rendered":"https:\/\/www.europesays.com\/fr\/333670\/"},"modified":"2025-08-21T10:09:09","modified_gmt":"2025-08-21T10:09:09","slug":"toulouse-cette-station-de-la-ligne-b-fermee-durant-plusieurs-semaines-rouvre-bientot-voici-la-date","status":"publish","type":"post","link":"https:\/\/www.europesays.com\/fr\/333670\/","title":{"rendered":"Toulouse. Cette station de la ligne B ,ferm\u00e9e durant plusieurs semaines, rouvre bient\u00f4t : voici la date"},"content":{"rendered":"<p>            Par<br \/>\n        <strong><br \/>\n            <a href=\"https:\/\/actu.fr\/auteur\/lea-afonso\" title=\"Consulter tous les articles de L\u00e9a Afonso\" rel=\"nofollow noopener\" target=\"_blank\">L\u00e9a Afonso<\/a><br \/>\n        <\/strong><\/p>\n<p>        Publi\u00e9 le<\/p>\n<p>            21 ao\u00fbt 2025 \u00e0 11h22        <\/p>\n<p>Alors que la ligne B du<a href=\"https:\/\/actu.fr\/tag\/metro-de-toulouse\" rel=\"nofollow noopener\" target=\"_blank\"> m\u00e9tro de Toulouse<\/a> a \u00e9t\u00e9 perturb\u00e9e cet \u00e9t\u00e9 avec notamment la <strong><a href=\"https:\/\/actu.fr\/occitanie\/toulouse_31555\/toulouse-cette-station-tres-frequentee-de-la-ligne-b-va-fermer-pendant-plusieurs-semaines_62992427.html\" rel=\"nofollow noopener\" target=\"_blank\">fermeture de la station<\/a> Compans Caffarelli<\/strong> d\u00e8s le lundi 4\u00a0ao\u00fbt 2025, la situation revient peu \u00e0 peu \u00e0 la normale d\u00e8s la fin du mois. En effet, cet arr\u00eat tr\u00e8s pris\u00e9 rouvre bient\u00f4t.<\/p>\n<p>R\u00e9ouverture le 25\u00a0ao\u00fbt<\/p>\n<p class=\" wall-content\">Il ne reste plus que quelques jours \u00e0 attendre\u2026 <strong>D\u00e8s le lundi 25\u00a0ao\u00fbt<\/strong>, les Toulousains \u2014 et les habitu\u00e9s \u2014 de la ligne B pourront retrouver leur chemin classique. En effet, \u00e0 partir de la derni\u00e8re semaine du mois, la<strong> station Compans Caffarelli rouvre au public<\/strong>, alors qu\u2019elle avait ferm\u00e9 ses portes le lundi 4\u00a0ao\u00fbt dernier.<\/p>\n<p>Ferm\u00e9 en raison des escalators<\/p>\n<p class=\" wall-content\">Si une fermeture estivale a \u00e9t\u00e9 n\u00e9cessaire dans cette station, c\u2019est en raison des <strong>escalators<\/strong>. Effectivement, ici, comme sur<strong> 77 autres points de la ligne<\/strong>, les <strong>escaliers m\u00e9caniques ont d\u00fb \u00eatre chang\u00e9s<\/strong>. Des travaux qui avaient commenc\u00e9 au mois de juillet.<\/p>\n<p class=\" wall-content\">\u00ab\u00a0Cette op\u00e9ration de grande envergure est \u00e9chelonn\u00e9e station par station afin de limiter les nuisances sur les voyageurs. Chaque chantier station dure en moyenne entre 3 et 5\u00a0mois. Les stations seront compl\u00e8tement ferm\u00e9es entre 2 et 5 semaines selon leur configuration\u2009\u00bb, expliquait Tiss\u00e9o <a href=\"https:\/\/actu.fr\/occitanie\/toulouse_31555\/toulouse-cette-station-de-metro-tres-frequentee-va-etre-fermee-pendant-trois-semaines-cet-ete_62889828.html\" rel=\"nofollow noopener\" target=\"_blank\">dans un pr\u00e9c\u00e9dent article<\/a>. Un chantier qui s\u2019\u00e9l\u00e8ve \u00e0 <strong>22,2\u00a0millions d\u2019euros hors taxe pour les 20 stations.<\/strong><\/p>\n<p class=\" wall-content\"><strong>Prochaine station<\/strong> concern\u00e9e, <strong>Saouzelong<\/strong>, avec un d\u00e9but des travaux pr\u00e9vu pour le<strong> 19\u00a0septembre.<\/strong><\/p>\n<p>Vid\u00e9os : en ce moment sur Actu<\/p>\n<p class=\" wall-content\">Personnalisez votre actualit\u00e9 en ajoutant vos villes et m\u00e9dias en favori avec <a href=\"https:\/\/moncompte.actu.fr\" title=\"D\u00e9couvez Mon Actu\" rel=\"nofollow noopener\" data-trk=\"{&quot;cta&quot;:{&quot;action&quot;:&quot;https:\\\/\\\/moncompte.actu.fr&quot;,&quot;category&quot;:&quot;mon compte&quot;,&quot;from&quot;:&quot;article footer&quot;,&quot;name&quot;:&quot;Mon actu&quot;,&quot;type&quot;:&quot;cta&quot;}}\" target=\"_blank\">Mon Actu<\/a>.<\/p>\n","protected":false},"excerpt":{"rendered":"Par L\u00e9a Afonso Publi\u00e9 le 21 ao\u00fbt 2025 \u00e0 11h22 Alors que la ligne B du m\u00e9tro de&hellip;\n","protected":false},"author":2,"featured_media":333671,"comment_status":"","ping_status":"","sticky":false,"template":"","format":"standard","meta":{"footnotes":""},"categories":[2816],"tags":[1111,11,1777,674,1011,27,10596,12,2680,25,104,5400,2312],"class_list":{"0":"post-333670","1":"post","2":"type-post","3":"status-publish","4":"format-standard","5":"has-post-thumbnail","7":"category-toulouse","8":"tag-actu","9":"tag-actualites","10":"tag-eu","11":"tag-europe","12":"tag-fr","13":"tag-france","14":"tag-metro-de-toulouse","15":"tag-news","16":"tag-occitanie","17":"tag-republique-francaise","18":"tag-societe","19":"tag-tisseo","20":"tag-toulouse"},"share_on_mastodon":{"url":"https:\/\/pubeurope.com\/@fr\/115066212490439612","error":""},"_links":{"self":[{"href":"https:\/\/www.europesays.com\/fr\/wp-json\/wp\/v2\/posts\/333670","targetHints":{"allow":["GET"]}}],"collection":[{"href":"https:\/\/www.europesays.com\/fr\/wp-json\/wp\/v2\/posts"}],"about":[{"href":"https:\/\/www.europesays.com\/fr\/wp-json\/wp\/v2\/types\/post"}],"author":[{"embeddable":true,"href":"https:\/\/www.europesays.com\/fr\/wp-json\/wp\/v2\/users\/2"}],"replies":[{"embeddable":true,"href":"https:\/\/www.europesays.com\/fr\/wp-json\/wp\/v2\/comments?post=333670"}],"version-history":[{"count":0,"href":"https:\/\/www.europesays.com\/fr\/wp-json\/wp\/v2\/posts\/333670\/revisions"}],"wp:featuredmedia":[{"embeddable":true,"href":"https:\/\/www.europesays.com\/fr\/wp-json\/wp\/v2\/media\/333671"}],"wp:attachment":[{"href":"https:\/\/www.europesays.com\/fr\/wp-json\/wp\/v2\/media?parent=333670"}],"wp:term":[{"taxonomy":"category","embeddable":true,"href":"https:\/\/www.europesays.com\/fr\/wp-json\/wp\/v2\/categories?post=333670"},{"taxonomy":"post_tag","embeddable":true,"href":"https:\/\/www.europesays.com\/fr\/wp-json\/wp\/v2\/tags?post=333670"}],"curies":[{"name":"wp","href":"https:\/\/api.w.org\/{rel}","templated":true}]}}