{"id":333678,"date":"2025-08-21T10:13:09","date_gmt":"2025-08-21T10:13:09","guid":{"rendered":"https:\/\/www.europesays.com\/fr\/333678\/"},"modified":"2025-08-21T10:13:09","modified_gmt":"2025-08-21T10:13:09","slug":"le-general-yves-metayer-au-commandement-de-la-zone-sud","status":"publish","type":"post","link":"https:\/\/www.europesays.com\/fr\/333678\/","title":{"rendered":"Le g\u00e9n\u00e9ral Yves M\u00e9tayer au commandement de la zone Sud"},"content":{"rendered":"<p> Le g\u00e9n\u00e9ral de division Yves M\u00e9tayer a \u00e9t\u00e9 nomm\u00e9 gouverneur militaire de Marseille, officier g\u00e9n\u00e9ral de zone de d\u00e9fense et de s\u00e9curit\u00e9 Sud (r\u00e9gions Occitanie, Provence-Alpes C\u00f4te d&rsquo;Azur et Corse) et commandant de zone terre Sud, \u00e0 compter du 1er ao\u00fbt 2025. A la m\u00eame date, \u00e9lev\u00e9 aux rang et appellation de g\u00e9n\u00e9ral de corps\u2026This content is restricted for our subscribers!<\/p>\n<p class=\"subtitle\">Subscribe from 24.99\u20ac by month<\/p>\n<p>Unlimited access to Gomet&rsquo; content<\/p>\n<p>Participate in all the debates of our territory<\/p>\n<p>Enjoy exclusive benefits and services<\/p>\n<p class=\"login\">You already have an account? <a href=\"https:\/\/gomet.net\/login\/?redirect_to=https%3A%2F%2Fgomet.net%2Fle-general-yves-metayer-au-commandement-de-la-zone-sud%2F\" title=\"Login\" rel=\"nofollow noopener\" target=\"_blank\">Sign in<\/a>.<\/p>\n","protected":false},"excerpt":{"rendered":"Le g\u00e9n\u00e9ral de division Yves M\u00e9tayer a \u00e9t\u00e9 nomm\u00e9 gouverneur militaire de Marseille, officier g\u00e9n\u00e9ral de zone de&hellip;\n","protected":false},"author":2,"featured_media":333679,"comment_status":"","ping_status":"","sticky":false,"template":"","format":"standard","meta":{"footnotes":""},"categories":[2814],"tags":[1111,11,1777,674,1011,27,884,12,882,25],"class_list":{"0":"post-333678","1":"post","2":"type-post","3":"status-publish","4":"format-standard","5":"has-post-thumbnail","7":"category-marseille","8":"tag-actu","9":"tag-actualites","10":"tag-eu","11":"tag-europe","12":"tag-fr","13":"tag-france","14":"tag-marseille","15":"tag-news","16":"tag-provence-alpes-cote-dazur","17":"tag-republique-francaise"},"share_on_mastodon":{"url":"https:\/\/pubeurope.com\/@fr\/115066228303114294","error":""},"_links":{"self":[{"href":"https:\/\/www.europesays.com\/fr\/wp-json\/wp\/v2\/posts\/333678","targetHints":{"allow":["GET"]}}],"collection":[{"href":"https:\/\/www.europesays.com\/fr\/wp-json\/wp\/v2\/posts"}],"about":[{"href":"https:\/\/www.europesays.com\/fr\/wp-json\/wp\/v2\/types\/post"}],"author":[{"embeddable":true,"href":"https:\/\/www.europesays.com\/fr\/wp-json\/wp\/v2\/users\/2"}],"replies":[{"embeddable":true,"href":"https:\/\/www.europesays.com\/fr\/wp-json\/wp\/v2\/comments?post=333678"}],"version-history":[{"count":0,"href":"https:\/\/www.europesays.com\/fr\/wp-json\/wp\/v2\/posts\/333678\/revisions"}],"wp:featuredmedia":[{"embeddable":true,"href":"https:\/\/www.europesays.com\/fr\/wp-json\/wp\/v2\/media\/333679"}],"wp:attachment":[{"href":"https:\/\/www.europesays.com\/fr\/wp-json\/wp\/v2\/media?parent=333678"}],"wp:term":[{"taxonomy":"category","embeddable":true,"href":"https:\/\/www.europesays.com\/fr\/wp-json\/wp\/v2\/categories?post=333678"},{"taxonomy":"post_tag","embeddable":true,"href":"https:\/\/www.europesays.com\/fr\/wp-json\/wp\/v2\/tags?post=333678"}],"curies":[{"name":"wp","href":"https:\/\/api.w.org\/{rel}","templated":true}]}}