{"id":333693,"date":"2025-08-21T10:22:09","date_gmt":"2025-08-21T10:22:09","guid":{"rendered":"https:\/\/www.europesays.com\/fr\/333693\/"},"modified":"2025-08-21T10:22:09","modified_gmt":"2025-08-21T10:22:09","slug":"les-paves-de-paris-roubaix-scellent-lamour-entre-pauline-ferrand-prevot-et-dylan-van-baarle","status":"publish","type":"post","link":"https:\/\/www.europesays.com\/fr\/333693\/","title":{"rendered":"Les pav\u00e9s de Paris-Roubaix scellent l&rsquo;amour entre Pauline Ferrand-Pr\u00e9vot et Dylan Van Baarle"},"content":{"rendered":"<p>Pauline Ferrand-Pr\u00e9vot d\u00e9voile sur Instagram une nouvelle d\u00e9coration dans sa maison. Elle vient de poster la photo du pav\u00e9 qui r\u00e9compense sa victoire \u00e0 Paris-Roubaix en avril dernier \u00e0 c\u00f4t\u00e9 du pav\u00e9 du vainqueur homme en 2022, la course avait \u00e9t\u00e9 remport\u00e9e par son compagnon Dylan Van Baarle. <\/p>\n<p>Tout va bien entre Pauline Ferrand-Pr\u00e9vot, qui a remport\u00e9 le Tour de France f\u00e9minin, et son compagnon n\u00e9erlandais Dylan Van Baarle lui aussi cycliste. Le couple de l&rsquo;\u00e9quipe Visma-Lease a bike (Van Baarle rejoindra Soudal-Quick Step la saison prochaine) a r\u00e9uni les 2 pav\u00e9s qui r\u00e9compensent les vainqueurs de Paris-Roubaix. Le pav\u00e9 de la course f\u00e9minine remport\u00e9e par Pauline Ferrand-Pr\u00e9vot en avril 2025 et le pav\u00e9 de la course homme 2022 remport\u00e9 par Dylan Van Baarle. La photo a \u00e9t\u00e9 publi\u00e9e sur le compte instagram de la Champenoise avec la mention \u00ab\u00a0finalement r\u00e9unis\u00a0\u00bb.<\/p>\n<p><img loading=\"lazy\" decoding=\"async\" class=\"VisualPreview svelte-1rldrkz\" src=\"data:image\/jpeg;base64,\/9j\/2wBDACgcHiMeGSgjISMtKygwPGRBPDc3PHtYXUlkkYCZlo+AjIqgtObDoKrarYqMyP\/L2u71\/\/\/\/m8H\/\/\/\/6\/+b9\/\/j\/2wBDASstLTw1PHZBQXb4pYyl+Pj4+Pj4+Pj4+Pj4+Pj4+Pj4+Pj4+Pj4+Pj4+Pj4+Pj4+Pj4+Pj4+Pj4+Pj4+Pj4+Pj\/wAARCAAqABwDASIAAhEBAxEB\/8QAFwAAAwEAAAAAAAAAAAAAAAAAAAECA\/\/EABcQAQEBAQAAAAAAAAAAAAAAAAABERL\/xAAVAQEBAAAAAAAAAAAAAAAAAAAAAf\/EABQRAQAAAAAAAAAAAAAAAAAAAAD\/2gAMAwEAAhEDEQA\/AHyWNbE2Azw8VhA1qadqbUUENCgtTaKmiHo1IUf\/2Q==\" alt=\"Pauline Ferrand-Pr\u00e9vot a remport\u00e9 Paris-Roubaix 2025\" width=\"600\" height=\"900\"\/>  Pauline Ferrand-Pr\u00e9vot a remport\u00e9 Paris-Roubaix 2025 \u00a9 Maxppp &#8211; Thierry Thorel<img loading=\"lazy\" decoding=\"async\" class=\"VisualPreview svelte-1rldrkz\" src=\"data:image\/jpeg;base64,\/9j\/2wBDACgcHiMeGSgjISMtKygwPGRBPDc3PHtYXUlkkYCZlo+AjIqgtObDoKrarYqMyP\/L2u71\/\/\/\/m8H\/\/\/\/6\/+b9\/\/j\/2wBDASstLTw1PHZBQXb4pYyl+Pj4+Pj4+Pj4+Pj4+Pj4+Pj4+Pj4+Pj4+Pj4+Pj4+Pj4+Pj4+Pj4+Pj4+Pj4+Pj4+Pj\/wAARCAAbACoDASIAAhEBAxEB\/8QAGAAAAwEBAAAAAAAAAAAAAAAAAAIDAQT\/xAAYEAEAAwEAAAAAAAAAAAAAAAAAAQISEf\/EABYBAQEBAAAAAAAAAAAAAAAAAAEAAv\/EABQRAQAAAAAAAAAAAAAAAAAAAAD\/2gAMAwEAAhEDEQA\/AObg4rkZISyMqcbFQU8jC0VblA81JMLWTs0CcbEMNCJog2RUwT\/\/2Q==\" alt=\"Dylan Van Baarle a remport\u00e9 Paris-Roubaix en 2022\" width=\"600\" height=\"399\"\/>  Dylan Van Baarle a remport\u00e9 Paris-Roubaix en 2022 \u00a9 Maxppp &#8211; Fred Haslin<\/p>\n<p>Apr\u00e8s le Tour de France, Pauline Ferrand-Pr\u00e9vot a d\u00e9cid\u00e9 de faire l&rsquo;impasse sur les mondiaux sur route \u00e0 Kigali au Rwanda.\u00a0Elle reprendra la comp\u00e9tition le 30\u00a0ao\u00fbt, lors de la Classic Lorient Agglom\u00e9ration dans le Morbihan.<\/p>\n","protected":false},"excerpt":{"rendered":"Pauline Ferrand-Pr\u00e9vot d\u00e9voile sur Instagram une nouvelle d\u00e9coration dans sa maison. Elle vient de poster la photo du&hellip;\n","protected":false},"author":2,"featured_media":333694,"comment_status":"","ping_status":"","sticky":false,"template":"","format":"standard","meta":{"footnotes":""},"categories":[1888],"tags":[11,1777,674,1011,27,12,626,25],"class_list":{"0":"post-333693","1":"post","2":"type-post","3":"status-publish","4":"format-standard","5":"has-post-thumbnail","7":"category-paris","8":"tag-actualites","9":"tag-eu","10":"tag-europe","11":"tag-fr","12":"tag-france","13":"tag-news","14":"tag-paris","15":"tag-republique-francaise"},"share_on_mastodon":{"url":"https:\/\/pubeurope.com\/@fr\/115066263575447175","error":""},"_links":{"self":[{"href":"https:\/\/www.europesays.com\/fr\/wp-json\/wp\/v2\/posts\/333693","targetHints":{"allow":["GET"]}}],"collection":[{"href":"https:\/\/www.europesays.com\/fr\/wp-json\/wp\/v2\/posts"}],"about":[{"href":"https:\/\/www.europesays.com\/fr\/wp-json\/wp\/v2\/types\/post"}],"author":[{"embeddable":true,"href":"https:\/\/www.europesays.com\/fr\/wp-json\/wp\/v2\/users\/2"}],"replies":[{"embeddable":true,"href":"https:\/\/www.europesays.com\/fr\/wp-json\/wp\/v2\/comments?post=333693"}],"version-history":[{"count":0,"href":"https:\/\/www.europesays.com\/fr\/wp-json\/wp\/v2\/posts\/333693\/revisions"}],"wp:featuredmedia":[{"embeddable":true,"href":"https:\/\/www.europesays.com\/fr\/wp-json\/wp\/v2\/media\/333694"}],"wp:attachment":[{"href":"https:\/\/www.europesays.com\/fr\/wp-json\/wp\/v2\/media?parent=333693"}],"wp:term":[{"taxonomy":"category","embeddable":true,"href":"https:\/\/www.europesays.com\/fr\/wp-json\/wp\/v2\/categories?post=333693"},{"taxonomy":"post_tag","embeddable":true,"href":"https:\/\/www.europesays.com\/fr\/wp-json\/wp\/v2\/tags?post=333693"}],"curies":[{"name":"wp","href":"https:\/\/api.w.org\/{rel}","templated":true}]}}