{"id":333697,"date":"2025-08-21T10:24:14","date_gmt":"2025-08-21T10:24:14","guid":{"rendered":"https:\/\/www.europesays.com\/fr\/333697\/"},"modified":"2025-08-21T10:24:14","modified_gmt":"2025-08-21T10:24:14","slug":"kim-jong-un-salue-ses-troupes-heroiques-deployees-en-ukraine","status":"publish","type":"post","link":"https:\/\/www.europesays.com\/fr\/333697\/","title":{"rendered":"Kim Jong-un salue ses troupes \u00ab\u00a0h\u00e9ro\u00efques\u00a0\u00bb d\u00e9ploy\u00e9es en Ukraine"},"content":{"rendered":"<p class=\"lead textModule textModule--type-lead \" style=\"\">(S\u00e9oul) Le dirigeant nord-cor\u00e9en Kim Jong-un a couvert d\u2019\u00e9loges les troupes du r\u00e9gime d\u00e9ploy\u00e9es en soutien \u00e0 la Russie, lors d\u2019une r\u00e9union avec son commandement militaire, a rapport\u00e9 jeudi l\u2019agence de presse du r\u00e9gime. <\/p>\n<p>                    Publi\u00e9 hier \u00e0 21\u00a0h\u00a020<\/p>\n<p>    <a class=\"print\" href=\"https:\/\/www.lapresse.ca\/international\/2025-08-20\/javascript:window.print();\" title=\"Imprimer la page\" rel=\"nofollow noopener\" target=\"_blank\"><\/p>\n<p>        <img loading=\"lazy\" decoding=\"async\" width=\"16\" height=\"18\" src=\"https:\/\/www.europesays.com\/fr\/wp-content\/uploads\/2025\/04\/share-icon.png\" alt=\"Partager\"\/><\/p>\n<p class=\"paragraph textModule textModule--type-paragraph \" style=\"\">Kim Jong-un \u00ab\u00a0a exprim\u00e9 ses encouragements chaleureux\u00a0\u00bb aux officiers et aux soldats servant dans la r\u00e9gion de Koursk en Russie, a indiqu\u00e9 l\u2019agence officielle KCNA. <\/p>\n<p class=\"paragraph textModule textModule--type-paragraph \" style=\"\">\u00ab\u00a0Nous avons une arm\u00e9e h\u00e9ro\u00efque\u00a0\u00bb, a d\u00e9clar\u00e9 Kim Jong-un dans un discours adress\u00e9 aux membres du commandement militaire nord-cor\u00e9en dans la capitale Pyongyang.\u00a0\u00a0<\/p>\n<p class=\"paragraph textModule textModule--type-paragraph \" style=\"\">\u00ab\u00a0Notre arm\u00e9e fait maintenant ce qu\u2019elle doit faire et ce qui doit \u00eatre fait. Elle continuera \u00e0 le faire \u00e0 l\u2019avenir \u00e9galement\u00a0\u00bb, a-t-il ajout\u00e9. <\/p>\n<p class=\"epigraph textModule textModule--type-epigraph \" style=\"\">Les remarques du dirigeant nord-cor\u00e9en interviennent alors que le pr\u00e9sident am\u00e9ricain Donald Trump intensifie ses tentatives jusque-l\u00e0 infructueuses de r\u00e9gler le conflit entre la Russie et l\u2019Ukraine, apr\u00e8s avoir tenu des discussions tr\u00e8s m\u00e9diatis\u00e9es avec les dirigeants des deux pays ces derniers jours. <\/p>\n<p class=\"paragraph textModule textModule--type-paragraph \" style=\"\">Mais le pr\u00e9sident russe Vladimir Poutine, qui a \u00e9galement qualifi\u00e9 les troupes nord-cor\u00e9ennes d\u2019\u00ab\u00a0h\u00e9ro\u00efques\u00a0\u00bb la semaine derni\u00e8re, a jusqu\u2019\u00e0 pr\u00e9sent \u00e9vit\u00e9 de rencontrer son homologue ukrainien Volodymyr Zelensky pour des pourparlers de paix. <\/p>\n<p class=\"paragraph textModule textModule--type-paragraph \" style=\"\">La Russie et la Cor\u00e9e du Nord ont r\u00e9cemment consolid\u00e9 leurs liens, les deux pays ayant sign\u00e9 un pacte de d\u00e9fense mutuelle l\u2019ann\u00e9e derni\u00e8re, lors d\u2019une visite du pr\u00e9sident russe dans le pays. <\/p>\n<p class=\"paragraph textModule textModule--type-paragraph \" style=\"\">En avril, la Cor\u00e9e du Nord a confirm\u00e9 pour la premi\u00e8re fois qu\u2019elle avait d\u00e9ploy\u00e9 un contingent de ses soldats sur la ligne de front en Ukraine, aux c\u00f4t\u00e9s des troupes russes. <\/p>\n<p class=\"paragraph textModule textModule--type-paragraph \" style=\"\">Les services secrets de la Cor\u00e9e du Sud et de pays occidentaux ont affirm\u00e9 que Pyongyang avait envoy\u00e9 plus de 10\u00a0000\u00a0soldats dans la r\u00e9gion de Koursk en 2024, ainsi que avec des obus d\u2019artillerie, des missiles et des syst\u00e8mes de roquettes \u00e0 longue port\u00e9e. <\/p>\n<p class=\"paragraph textModule textModule--type-paragraph \" style=\"\">Environ 600\u00a0soldats nord-cor\u00e9ens ont \u00e9t\u00e9 tu\u00e9s et des milliers ont \u00e9t\u00e9 bless\u00e9s en combattant pour la Russie, selon S\u00e9oul. <\/p>\n","protected":false},"excerpt":{"rendered":"(S\u00e9oul) Le dirigeant nord-cor\u00e9en Kim Jong-un a couvert d\u2019\u00e9loges les troupes du r\u00e9gime d\u00e9ploy\u00e9es en soutien \u00e0 la&hellip;\n","protected":false},"author":2,"featured_media":333698,"comment_status":"","ping_status":"","sticky":false,"template":"","format":"standard","meta":{"footnotes":""},"categories":[1590],"tags":[11,1777,674,12,220],"class_list":{"0":"post-333697","1":"post","2":"type-post","3":"status-publish","4":"format-standard","5":"has-post-thumbnail","7":"category-ukraine","8":"tag-actualites","9":"tag-eu","10":"tag-europe","11":"tag-news","12":"tag-ukraine"},"share_on_mastodon":{"url":"https:\/\/pubeurope.com\/@fr\/115066271648176450","error":""},"_links":{"self":[{"href":"https:\/\/www.europesays.com\/fr\/wp-json\/wp\/v2\/posts\/333697","targetHints":{"allow":["GET"]}}],"collection":[{"href":"https:\/\/www.europesays.com\/fr\/wp-json\/wp\/v2\/posts"}],"about":[{"href":"https:\/\/www.europesays.com\/fr\/wp-json\/wp\/v2\/types\/post"}],"author":[{"embeddable":true,"href":"https:\/\/www.europesays.com\/fr\/wp-json\/wp\/v2\/users\/2"}],"replies":[{"embeddable":true,"href":"https:\/\/www.europesays.com\/fr\/wp-json\/wp\/v2\/comments?post=333697"}],"version-history":[{"count":0,"href":"https:\/\/www.europesays.com\/fr\/wp-json\/wp\/v2\/posts\/333697\/revisions"}],"wp:featuredmedia":[{"embeddable":true,"href":"https:\/\/www.europesays.com\/fr\/wp-json\/wp\/v2\/media\/333698"}],"wp:attachment":[{"href":"https:\/\/www.europesays.com\/fr\/wp-json\/wp\/v2\/media?parent=333697"}],"wp:term":[{"taxonomy":"category","embeddable":true,"href":"https:\/\/www.europesays.com\/fr\/wp-json\/wp\/v2\/categories?post=333697"},{"taxonomy":"post_tag","embeddable":true,"href":"https:\/\/www.europesays.com\/fr\/wp-json\/wp\/v2\/tags?post=333697"}],"curies":[{"name":"wp","href":"https:\/\/api.w.org\/{rel}","templated":true}]}}