{"id":333700,"date":"2025-08-21T10:26:11","date_gmt":"2025-08-21T10:26:11","guid":{"rendered":"https:\/\/www.europesays.com\/fr\/333700\/"},"modified":"2025-08-21T10:26:11","modified_gmt":"2025-08-21T10:26:11","slug":"nee-en-1909-la-doyenne-de-lhumanite-fete-ses-116-ans","status":"publish","type":"post","link":"https:\/\/www.europesays.com\/fr\/333700\/","title":{"rendered":"n\u00e9e en 1909, la doyenne de l&rsquo;humanit\u00e9 f\u00eate ses 116 ans"},"content":{"rendered":"<p>N\u00e9e le 21 ao\u00fbt 1909 dans un village du Hampshire, dans le sud de l\u2019Angleterre, Ethel Caterham est devenue la doyenne de l\u2019humanit\u00e9 d\u00e9but mai.<\/p>\n<p class=\"fig-paragraph\">La doyenne du monde, la Britannique\u00a0<a href=\"http:\/\/www.lefigaro.fr\/actualite-france\/j-ecoute-et-je-fais-ce-que-j-aime-ethel-caterham-anglaise-de-115-ans-est-la-nouvelle-doyenne-du-monde-20250501\" target=\"_blank\" data-fig-type=\"NewsFlash\" rel=\"noopener nofollow\" data-gtm-custom-categorie=\"navigation\" data-gtm-custom-action=\"crossclick\" data-gtm-custom-label=\"Contextuel\" data-gtm-event=\"customEventSPE\" data-fig-domain=\"LEFIGARO\">Ethel Caterham<\/a>, f\u00eate ce jeudi ses 116 ans, a annonc\u00e9 la maison de retraite dans laquelle elle vit. N\u00e9e le 21 ao\u00fbt 1909 dans un village du\u00a0<a href=\"http:\/\/www.lefigaro.fr\/culture\/trouvee-dans-le-hampshire-une-monnaie-chinoise-du-xie-siecle-ouvre-de-nouvelles-pistes-sur-le-commerce-du-moyen-age-20210109\" target=\"_blank\" data-fig-type=\"Article\" rel=\"noopener nofollow\" data-gtm-custom-categorie=\"navigation\" data-gtm-custom-action=\"crossclick\" data-gtm-custom-label=\"Contextuel\" data-gtm-event=\"customEventSPE\" data-fig-domain=\"LEFIGARO\">Hampshire<\/a>, dans le sud de l&rsquo;Angleterre, Ethel Caterham est devenue la doyenne de l&rsquo;humanit\u00e9 d\u00e9but mai apr\u00e8s le d\u00e9c\u00e8s de\u00a0<a href=\"http:\/\/www.lefigaro.fr\/flash-actu\/deces-a-116-ans-de-la-doyenne-du-monde-une-nonne-bresilienne-20250501\" target=\"_blank\" data-fig-type=\"NewsFlash\" rel=\"noopener nofollow\" data-gtm-custom-categorie=\"navigation\" data-gtm-custom-action=\"crossclick\" data-gtm-custom-label=\"Contextuel\" data-gtm-event=\"customEventSPE\" data-fig-domain=\"LEFIGARO\">la nonne br\u00e9silienne Inah Canabarro Lucas\u00a0<\/a>\u00e0 l&rsquo;\u00e2ge de 116 ans. Elle vit dans une maison de retraite du Surrey, un comt\u00e9 au sud de Londres.<\/p>\n<p class=\"fig-paragraph\">\u00abEthel a une nouvelle fois choisi de ne pas accorder d&rsquo;interviews, pr\u00e9f\u00e9rant passer la journ\u00e9e tranquillement avec sa famille pour qu&rsquo;elle puisse en profiter \u00e0 son rythme\u00bb, a indiqu\u00e9 un porte-parole de la maison de retraite. La supercentenaire et les membres de sa famille sont \u00abreconnaissants pour tous les gentils messages et l&rsquo;int\u00e9r\u00eat manifest\u00e9 \u00e0 son \u00e9gard\u00bb, a pr\u00e9cis\u00e9 la m\u00eame source.<\/p>\n<p>                                    <a class=\"fig-a11y-skip a11y-hidden\" href=\"#fig-a11y-skip-main-inarticle\"><br \/>\n        Passer la publicit\u00e9<br \/>\n    <\/a><\/p>\n<p class=\"fig-paragraph\">Ethel Caterham est le dernier sujet vivant du roi \u00c9douard VII, dont le r\u00e8gne s&rsquo;est achev\u00e9 en 1910. Elle est aussi la Britannique la plus \u00e2g\u00e9e de tous les temps, selon la base de donn\u00e9es Oldest in Britain. L&rsquo;ann\u00e9e derni\u00e8re, elle avait re\u00e7u une lettre du roi Charles III la f\u00e9licitant d&rsquo;avoir atteint cette \u00ab\u00e9tape remarquable\u00bb.<\/p>\n","protected":false},"excerpt":{"rendered":"N\u00e9e le 21 ao\u00fbt 1909 dans un village du Hampshire, dans le sud de l\u2019Angleterre, Ethel Caterham est&hellip;\n","protected":false},"author":2,"featured_media":333701,"comment_status":"","ping_status":"","sticky":false,"template":"","format":"standard","meta":{"footnotes":""},"categories":[1588],"tags":[11,317,1777,674,12,473,1853,1851,1850,1852],"class_list":{"0":"post-333700","1":"post","2":"type-post","3":"status-publish","4":"format-standard","5":"has-post-thumbnail","7":"category-royaume-uni","8":"tag-actualites","9":"tag-age","10":"tag-eu","11":"tag-europe","12":"tag-news","13":"tag-royaume-uni","14":"tag-royaume-uni-de-grande-bretagne-et-dirlande-du-nord","15":"tag-uk","16":"tag-united-kingdom","17":"tag-united-kingdom-of-great-britain-and-northern-ireland"},"share_on_mastodon":{"url":"https:\/\/pubeurope.com\/@fr\/115066279439844503","error":""},"_links":{"self":[{"href":"https:\/\/www.europesays.com\/fr\/wp-json\/wp\/v2\/posts\/333700","targetHints":{"allow":["GET"]}}],"collection":[{"href":"https:\/\/www.europesays.com\/fr\/wp-json\/wp\/v2\/posts"}],"about":[{"href":"https:\/\/www.europesays.com\/fr\/wp-json\/wp\/v2\/types\/post"}],"author":[{"embeddable":true,"href":"https:\/\/www.europesays.com\/fr\/wp-json\/wp\/v2\/users\/2"}],"replies":[{"embeddable":true,"href":"https:\/\/www.europesays.com\/fr\/wp-json\/wp\/v2\/comments?post=333700"}],"version-history":[{"count":0,"href":"https:\/\/www.europesays.com\/fr\/wp-json\/wp\/v2\/posts\/333700\/revisions"}],"wp:featuredmedia":[{"embeddable":true,"href":"https:\/\/www.europesays.com\/fr\/wp-json\/wp\/v2\/media\/333701"}],"wp:attachment":[{"href":"https:\/\/www.europesays.com\/fr\/wp-json\/wp\/v2\/media?parent=333700"}],"wp:term":[{"taxonomy":"category","embeddable":true,"href":"https:\/\/www.europesays.com\/fr\/wp-json\/wp\/v2\/categories?post=333700"},{"taxonomy":"post_tag","embeddable":true,"href":"https:\/\/www.europesays.com\/fr\/wp-json\/wp\/v2\/tags?post=333700"}],"curies":[{"name":"wp","href":"https:\/\/api.w.org\/{rel}","templated":true}]}}