{"id":333706,"date":"2025-08-21T10:29:30","date_gmt":"2025-08-21T10:29:30","guid":{"rendered":"https:\/\/www.europesays.com\/fr\/333706\/"},"modified":"2025-08-21T10:29:30","modified_gmt":"2025-08-21T10:29:30","slug":"lunion-europeenne-veut-avancer-rapidement-sur-les-garanties-de-securite","status":"publish","type":"post","link":"https:\/\/www.europesays.com\/fr\/333706\/","title":{"rendered":"l&rsquo;Union europ\u00e9enne veut avancer rapidement sur les garanties de s\u00e9curit\u00e9"},"content":{"rendered":"<p>Apr\u00e8s la rencontre historique \u00e0 Washington ce lundi 18 ao\u00fbt, place aux aspects pratiques de ce qui a \u00e9t\u00e9 discut\u00e9 pour conduire \u00e0 la paix entre la Russie et l\u2019Ukraine.\u00a0La coalition des volontaires, ces pays alli\u00e9s de Kiev, se sont r\u00e9unis en visioconf\u00e9rence le 19 ao\u00fbt pour faire le point. Les 27 pays de l\u2019Union europ\u00e9enne ont fait de m\u00eame. L\u2019Europe assure vouloir faire sa part.<\/p>\n<p>Avec notre correspondante \u00e0 Bruxelles, <strong>Laxmi Lota<\/strong><\/p>\n<p>Les chefs militaires de l\u2019Otan se r\u00e9unissent ce mercredi 19 ao\u00fbt pour parler de la voie \u00e0 suivre. Exemple d\u2019action concr\u00e8te en discussion, mettre en place une sorte d\u2019article 5 de l\u2019Otan pour l\u2019Ukraine : si un pays membre est attaqu\u00e9, il est automatiquement d\u00e9fendu par ses alli\u00e9s. Mais la mesure s\u2019appliquerait en dehors du cadre de l\u2019Alliance atlantique.<\/p>\n<p>Les Europ\u00e9ens ne comptent pas assurer cette s\u00e9curit\u00e9 seuls, ils ont insist\u00e9 sur un engagement de Washington.\u00a0\u00ab\u00a0L\u2019activit\u00e9 diplomatique s\u2019acc\u00e9l\u00e8re. Il y a une dynamique croissante pour fournir \u00e0 l\u2019<strong><a href=\"https:\/\/www.rfi.fr\/fr\/tag\/ukraine\/\" rel=\"nofollow noopener\" target=\"_blank\" data-ylk=\"slk:Ukraine;elm:context_link;itc:0;sec:content-canvas\" class=\"link \">Ukraine<\/a><\/strong> des garanties de s\u00e9curit\u00e9, avec l\u2019accord des \u00c9tats-Unis pour participer \u00e0 cet effort. Et ceci est vraiment bienvenu !\u00a0\u00bb, estime Antonio Costa, le pr\u00e9sident du Conseil europ\u00e9en.<\/p>\n<p>S\u2019agira-t-il de renseignement militaire ou plus ?\u00a0<strong><a href=\"https:\/\/www.rfi.fr\/fr\/tag\/donald-trump\/\" class=\"link \" rel=\"nofollow noopener\" target=\"_blank\" data-ylk=\"slk:Donald Trump;elm:context_link;itc:0;sec:content-canvas\">Donald Trump<\/a><\/strong> a assur\u00e9 cet apr\u00e8s-midi qu\u2019il n\u2019enverrait pas de troupes au sol. \u00ab\u00a0Nous avons les pays europ\u00e9ens, ils vont prendre les devants ! \u00bb, a-t-il d\u00e9clar\u00e9 dans une interview \u00e0 Fox news. Mais \u00ab\u00a0un soutien a\u00e9rien est possible\u00a0\u00bb, a-t-il ajout\u00e9.<\/p>\n<p>\u00c0 lire aussi<a href=\"https:\/\/fr.news.yahoo.com\/diable-d%C3%A9tails-assurer-s%C3%A9curit%C3%A9-l-161310575.html\" class=\"link  yahoo-link\" data-ylk=\"slk:\u00abLe diable est dans les d\u00e9tails!\u00bb: Comment assurer la s\u00e9curit\u00e9 de l\u2019Ukraine en cas d\u2019accord de paix?;elm:context_link;itc:0;sec:content-canvas;outcm:mb_qualified_link;_E:mb_qualified_link;ct:story;\" target=\"_blank\" rel=\"noopener\">\u00abLe diable est dans les d\u00e9tails!\u00bb: Comment assurer la s\u00e9curit\u00e9 de l\u2019Ukraine en cas d\u2019accord de paix?<\/a><\/p>\n","protected":false},"excerpt":{"rendered":"Apr\u00e8s la rencontre historique \u00e0 Washington ce lundi 18 ao\u00fbt, place aux aspects pratiques de ce qui a&hellip;\n","protected":false},"author":2,"featured_media":333707,"comment_status":"","ping_status":"","sticky":false,"template":"","format":"standard","meta":{"footnotes":""},"categories":[1586],"tags":[11,1777,674,1779,1011,27,5493,12,15976,25,1778,364,2744],"class_list":{"0":"post-333706","1":"post","2":"type-post","3":"status-publish","4":"format-standard","5":"has-post-thumbnail","7":"category-europe","8":"tag-actualites","9":"tag-eu","10":"tag-europe","11":"tag-european-union","12":"tag-fr","13":"tag-france","14":"tag-lukraine","15":"tag-news","16":"tag-pays-de-lunion-europeenne","17":"tag-republique-francaise","18":"tag-ue","19":"tag-union-europeenne","20":"tag-washington"},"share_on_mastodon":{"url":"https:\/\/pubeurope.com\/@fr\/115066291118708392","error":""},"_links":{"self":[{"href":"https:\/\/www.europesays.com\/fr\/wp-json\/wp\/v2\/posts\/333706","targetHints":{"allow":["GET"]}}],"collection":[{"href":"https:\/\/www.europesays.com\/fr\/wp-json\/wp\/v2\/posts"}],"about":[{"href":"https:\/\/www.europesays.com\/fr\/wp-json\/wp\/v2\/types\/post"}],"author":[{"embeddable":true,"href":"https:\/\/www.europesays.com\/fr\/wp-json\/wp\/v2\/users\/2"}],"replies":[{"embeddable":true,"href":"https:\/\/www.europesays.com\/fr\/wp-json\/wp\/v2\/comments?post=333706"}],"version-history":[{"count":0,"href":"https:\/\/www.europesays.com\/fr\/wp-json\/wp\/v2\/posts\/333706\/revisions"}],"wp:featuredmedia":[{"embeddable":true,"href":"https:\/\/www.europesays.com\/fr\/wp-json\/wp\/v2\/media\/333707"}],"wp:attachment":[{"href":"https:\/\/www.europesays.com\/fr\/wp-json\/wp\/v2\/media?parent=333706"}],"wp:term":[{"taxonomy":"category","embeddable":true,"href":"https:\/\/www.europesays.com\/fr\/wp-json\/wp\/v2\/categories?post=333706"},{"taxonomy":"post_tag","embeddable":true,"href":"https:\/\/www.europesays.com\/fr\/wp-json\/wp\/v2\/tags?post=333706"}],"curies":[{"name":"wp","href":"https:\/\/api.w.org\/{rel}","templated":true}]}}