{"id":333716,"date":"2025-08-21T10:34:14","date_gmt":"2025-08-21T10:34:14","guid":{"rendered":"https:\/\/www.europesays.com\/fr\/333716\/"},"modified":"2025-08-21T10:34:14","modified_gmt":"2025-08-21T10:34:14","slug":"apres-50-ans-dabsence-lequipe-de-france-revient-avec-ambition","status":"publish","type":"post","link":"https:\/\/www.europesays.com\/fr\/333716\/","title":{"rendered":"apr\u00e8s 50 ans d&rsquo;absence, l\u2019\u00e9quipe de France revient avec ambition"},"content":{"rendered":"<p>Les Bleues s\u2019appr\u00eatent \u00e0 disputer leur premier Championnat du monde depuis&#8230; 1974. Premier match ce vendredi contre Porto Rico (11h).<\/p>\n<p class=\"fig-paragraph\">Apr\u00e8s plus de 50 ans d&rsquo;absence, l&rsquo;\u00e9quipe de France f\u00e9minine de volley-ball participe \u00e0 partir de vendredi en Tha\u00eflande au Mondial qu&rsquo;elle aborde avec un objectif de phase finale, nourri par un \u00e9t\u00e9 prometteur. Cette ambition de sortir de la poule C en terminant dans les deux premiers passera d&#8217;embl\u00e9e au r\u00e9v\u00e9lateur puisque les Bleues sont oppos\u00e9es en ouverture (11h en France) \u00e0 Chiang Mai (nord) \u00e0 Porto Rico, leur principal adversaire annonc\u00e9 dans un groupe qui compte aussi le Br\u00e9sil, grand favori, et la Gr\u00e8ce.<\/p>\n<p class=\"fig-paragraph\">\u00abSi nous jouons notre meilleur volley, nous sommes meilleures. Mais il faudra en \u00eatre capable et contr\u00f4ler le match\u00bb, estime aupr\u00e8s de l&rsquo;AFP Cesar Hernandez, le s\u00e9lectionneur espagnol des Fran\u00e7aises. Ce \u00abmeilleur volley\u00bb, ses joueuses l&rsquo;ont souvent propos\u00e9 cet \u00e9t\u00e9 lors de la Ligue des nations (VNL), o\u00f9 elles ont touch\u00e9 du doigt la qualification pour le Final 8 (9e) alors qu&rsquo;elles visaient avant tout le maintien. Et pour les d\u00e9buts de Hernandez, successeur apr\u00e8s les JO 2024 (trois d\u00e9faites s\u00e8ches) du Belge Emile Rousseaux, qui avait sorti l&rsquo;\u00e9quipe de la deuxi\u00e8me division europ\u00e9enne pour la porter dans l&rsquo;\u00e9lite mondiale.<\/p>\n<p>    Amandha Sylves<br \/>\n                Xinhua \/ Icon Sport<\/p>\n<p>                                    <a class=\"fig-a11y-skip a11y-hidden\" href=\"#fig-a11y-skip-main-inarticle\"><br \/>\n        Passer la publicit\u00e9<br \/>\n    <\/a><\/p>\n<p class=\"fig-paragraph\">C&rsquo;est sous Rousseaux que les Bleues ont d\u00e9croch\u00e9 leur premi\u00e8re participation au Mondial depuis 1974, m\u00eame si l&rsquo;\u00e9largissement de 24 \u00e0 32 \u00e9quipes les a favoris\u00e9es. Leur VNL prometteuse, o\u00f9 elles ont tenu t\u00eate au Br\u00e9sil et aux \u00c9tats-Unis (2-3 \u00e0 chaque fois), et battu sans trembler les Bulgares (3-1) comme les N\u00e9erlandaises (3-0), leur donne des motifs d&rsquo;espoirs. \u00abMais on sait qu&rsquo;en VNL on n&rsquo;a pas vraiment \u00e0 chaque fois rencontr\u00e9 les grosses \u00e9quipes\u00bb nuance la capitaine H\u00e9l\u00e9na Cazaute, qui met en avant les rotations effectu\u00e9es par les s\u00e9lections. \u00abLa VNL nous donne de la confiance oui, mais il ne faut pas qu&rsquo;on reste sur nos acquis\u00bb ajoute la leader offensive fran\u00e7aise.<\/p>\n<p>Un groupe encore jeune<\/p>\n<p class=\"fig-paragraph\">Cazaute juge que les Bleues ont, sous Hernandez, progress\u00e9 \u00abdans tous les secteurs de jeu\u00bb. Un jeu qui est par ailleurs \u00abdavantage vari\u00e9\u00bb. Mais la capitaine temp\u00e8re, \u00abl&rsquo;\u00e9quipe doit gagner en constance\u00bb et en vari\u00e9t\u00e9 quand le contre adverse monte particuli\u00e8rement haut, comme celui des toutes meilleures mondiales. \u00abNous allons dans la bonne direction, nous travaillons bien. Je crois beaucoup en cette \u00e9quipe, encore jeune. Nous devons continuer \u00e0 grandir, gagner en exp\u00e9rience\u00bb, estime de son c\u00f4t\u00e9 Hernandez, qui d&rsquo;apr\u00e8s Cazaute a insuffl\u00e9 un esprit de comp\u00e9tition suppl\u00e9mentaire \u00e0 l&rsquo;\u00e9quipe, notamment via la multiplication de jeux \u00e0 l&rsquo;entra\u00eenement. Les mieux class\u00e9es \u00e0 la fin de la saison seront r\u00e9compens\u00e9es.<\/p>\n<p class=\"fig-paragraph\">La Ligue des nations a \u00e9galement permis de densifier l&rsquo;effectif, gr\u00e2ce notamment \u00e0 l&rsquo;\u00e9mergence de la passeuse Enora Danard-Selosse ou de la pointue Iman Ndiaye, meilleure marqueuse de la comp\u00e9tition. \u00abMais les compteurs sont remis \u00e0 z\u00e9ro, pr\u00e9vient l&rsquo;entra\u00eeneur espagnol. Et nous devons nous attendre \u00e0 affronter des adversaires plus m\u00e9fiants et mieux pr\u00e9par\u00e9s.\u00bb Le signe que les Bleues ont gagn\u00e9 quelques galons depuis le d\u00e9but de l&rsquo;\u00e9t\u00e9.<\/p>\n<p>Le programme de la France au 1er tour \u00e0 Chiang Mai (en heures de Paris)\u00a0:<\/p>\n<p class=\"fig-paragraph\">22 ao\u00fbt (11h00) Porto Rico &#8211; France<br \/>24 ao\u00fbt (14h30) Br\u00e9sil &#8211; France<br \/>26 ao\u00fbt (11h00) France &#8211; Gr\u00e8ce<\/p>\n<p>Le groupe de 14 joueuses<\/p>\n<p class=\"fig-paragraph\">Passeuses\u00a0: Enora Danard-Selosse (Mulhouse), Nina Stojiljkovic (Aydin\/TUR)<br \/>Lib\u00e9ros\u00a0: Juliette Gelin (Milan\/ITA), Amandine Giardino (Nantes)<br \/>R\u00e9ceptionneuses-attaquantes\u00a0: Am\u00e9lie Rotar (Alba Blaj\/ROM), Sabine Haewegene (Chamali\u00e8res), Ma\u00e9va Schalk (Le Cannet), H\u00e9l\u00e9na Cazaute (Milan\/ITA)<br \/>Pointues\u00a0: Iman Ndiaye (Ke\u00e7i\u00f6ren\/TUR), Lucille Gicquel (Chieri\/ITA)<br \/>Centrales\u00a0: Amandha Sylves (Cuneo\/ITA), Fatoumata Fanguedou (Chamali\u00e8res), Eva Elouga (Pays d&rsquo;Aix Venelles), Camille Massuel (Cannes)<\/p>\n","protected":false},"excerpt":{"rendered":"Les Bleues s\u2019appr\u00eatent \u00e0 disputer leur premier Championnat du monde depuis&#8230; 1974. Premier match ce vendredi contre Porto&hellip;\n","protected":false},"author":2,"featured_media":333717,"comment_status":"","ping_status":"","sticky":false,"template":"","format":"standard","meta":{"footnotes":""},"categories":[1417],"tags":[2466,2465,2464,1977,1981,451,207,2468,63,1454,1011,27,66,447,2467,1457,2182,1980,479,2259,60,1467,1470,1469],"class_list":{"0":"post-333716","1":"post","2":"type-post","3":"status-publish","4":"format-standard","5":"has-post-thumbnail","7":"category-volley","8":"tag-2466","9":"tag-actu-sport","10":"tag-actualite-sportive","11":"tag-auto","12":"tag-classement","13":"tag-coupe-du-monde","14":"tag-cyclisme","15":"tag-euro-foot","16":"tag-football","17":"tag-formule-1","18":"tag-fr","19":"tag-france","20":"tag-ligue-1","21":"tag-ligue-des-champions","22":"tag-live-sport","23":"tag-moto","24":"tag-nba","25":"tag-resultats","26":"tag-rugby","27":"tag-score","28":"tag-sports","29":"tag-tennis","30":"tag-volley","31":"tag-volleyball"},"share_on_mastodon":{"url":"https:\/\/pubeurope.com\/@fr\/115066310775661466","error":""},"_links":{"self":[{"href":"https:\/\/www.europesays.com\/fr\/wp-json\/wp\/v2\/posts\/333716","targetHints":{"allow":["GET"]}}],"collection":[{"href":"https:\/\/www.europesays.com\/fr\/wp-json\/wp\/v2\/posts"}],"about":[{"href":"https:\/\/www.europesays.com\/fr\/wp-json\/wp\/v2\/types\/post"}],"author":[{"embeddable":true,"href":"https:\/\/www.europesays.com\/fr\/wp-json\/wp\/v2\/users\/2"}],"replies":[{"embeddable":true,"href":"https:\/\/www.europesays.com\/fr\/wp-json\/wp\/v2\/comments?post=333716"}],"version-history":[{"count":0,"href":"https:\/\/www.europesays.com\/fr\/wp-json\/wp\/v2\/posts\/333716\/revisions"}],"wp:featuredmedia":[{"embeddable":true,"href":"https:\/\/www.europesays.com\/fr\/wp-json\/wp\/v2\/media\/333717"}],"wp:attachment":[{"href":"https:\/\/www.europesays.com\/fr\/wp-json\/wp\/v2\/media?parent=333716"}],"wp:term":[{"taxonomy":"category","embeddable":true,"href":"https:\/\/www.europesays.com\/fr\/wp-json\/wp\/v2\/categories?post=333716"},{"taxonomy":"post_tag","embeddable":true,"href":"https:\/\/www.europesays.com\/fr\/wp-json\/wp\/v2\/tags?post=333716"}],"curies":[{"name":"wp","href":"https:\/\/api.w.org\/{rel}","templated":true}]}}