{"id":333718,"date":"2025-08-21T10:35:18","date_gmt":"2025-08-21T10:35:18","guid":{"rendered":"https:\/\/www.europesays.com\/fr\/333718\/"},"modified":"2025-08-21T10:35:18","modified_gmt":"2025-08-21T10:35:18","slug":"laustralien-will-genia-annonce-sa-retraite","status":"publish","type":"post","link":"https:\/\/www.europesays.com\/fr\/333718\/","title":{"rendered":"L&rsquo;Australien Will Genia annonce sa retraite"},"content":{"rendered":"\n<p class=\"Paragraph__content\" data-v-e14a34bc=\"\">Il a \u00e9t\u00e9 l&rsquo;un des visages des Wallabies pendant une d\u00e9cennie, au cours de 110 s\u00e9lections glan\u00e9es entre 2009 et 2019, menant notamment l&rsquo;Australie en finale de la Coupe du monde 2015, en Angleterre\u00a0: \u00e0 37\u00a0ans, Will Genia vient d&rsquo;officialiser sa retraite ce jeudi, sur son compte Instagram.<\/p>\n<p class=\"Paragraph__content\" data-v-e14a34bc=\"\">Le natif de Papouasie Nouvelle-Guin\u00e9e aura eu la lourde charge de succ\u00e9der \u00e0 George Gregan \u00e0 la m\u00eal\u00e9e des Wallabies, et y aura plut\u00f4t bien r\u00e9ussi, disputant trois Coupes du monde (2011, 2015, 2019). Apr\u00e8s la derni\u00e8re, au Japon, en 2019, il avait d\u00e9cid\u00e9, \u00e0 31\u00a0ans, de jouer dans le Championnat japonais, aux Kintetsu Liners, avec lesquels il a \u00e9volu\u00e9 jusqu&rsquo;au mois de mai dernier.<\/p>\n<p class=\"Paragraph__content\" data-v-e14a34bc=\"\">Sa carri\u00e8re en club, commenc\u00e9e aux Reds, en Australie, en Super Rugby, l&rsquo;aura aussi men\u00e9 au Stade Fran\u00e7ais pour deux saisons sans relief, entre 2015 et 2017. Il a malgr\u00e9 tout remport\u00e9 un titre avec les Parisiens, le Challenge europ\u00e9en, en 2017. Son palmar\u00e8s ne s&rsquo;arr\u00eate pas l\u00e0 : avec les Reds, il a remport\u00e9 le Super Rugby en 2011, inscrivant notamment un essai capital lors de la finale contre les Crusaders (18-13), et, avec les Wallabies, il a remport\u00e9 le tournoi de l&rsquo;h\u00e9misph\u00e8re sud sous ses formes Tri Nations, en 2011, et, apr\u00e8s l&rsquo;inclusion de l&rsquo;Argentine, Rugby Championship, en 2015.<\/p>\n","protected":false},"excerpt":{"rendered":"Il a \u00e9t\u00e9 l&rsquo;un des visages des Wallabies pendant une d\u00e9cennie, au cours de 110 s\u00e9lections glan\u00e9es entre&hellip;\n","protected":false},"author":2,"featured_media":333719,"comment_status":"","ping_status":"","sticky":false,"template":"","format":"standard","meta":{"footnotes":""},"categories":[1416],"tags":[1011,27,479,1468,60],"class_list":{"0":"post-333718","1":"post","2":"type-post","3":"status-publish","4":"format-standard","5":"has-post-thumbnail","7":"category-rugby","8":"tag-fr","9":"tag-france","10":"tag-rugby","11":"tag-rugby-football","12":"tag-sports"},"share_on_mastodon":{"url":"https:\/\/pubeurope.com\/@fr\/115066314674512161","error":""},"_links":{"self":[{"href":"https:\/\/www.europesays.com\/fr\/wp-json\/wp\/v2\/posts\/333718","targetHints":{"allow":["GET"]}}],"collection":[{"href":"https:\/\/www.europesays.com\/fr\/wp-json\/wp\/v2\/posts"}],"about":[{"href":"https:\/\/www.europesays.com\/fr\/wp-json\/wp\/v2\/types\/post"}],"author":[{"embeddable":true,"href":"https:\/\/www.europesays.com\/fr\/wp-json\/wp\/v2\/users\/2"}],"replies":[{"embeddable":true,"href":"https:\/\/www.europesays.com\/fr\/wp-json\/wp\/v2\/comments?post=333718"}],"version-history":[{"count":0,"href":"https:\/\/www.europesays.com\/fr\/wp-json\/wp\/v2\/posts\/333718\/revisions"}],"wp:featuredmedia":[{"embeddable":true,"href":"https:\/\/www.europesays.com\/fr\/wp-json\/wp\/v2\/media\/333719"}],"wp:attachment":[{"href":"https:\/\/www.europesays.com\/fr\/wp-json\/wp\/v2\/media?parent=333718"}],"wp:term":[{"taxonomy":"category","embeddable":true,"href":"https:\/\/www.europesays.com\/fr\/wp-json\/wp\/v2\/categories?post=333718"},{"taxonomy":"post_tag","embeddable":true,"href":"https:\/\/www.europesays.com\/fr\/wp-json\/wp\/v2\/tags?post=333718"}],"curies":[{"name":"wp","href":"https:\/\/api.w.org\/{rel}","templated":true}]}}