{"id":333720,"date":"2025-08-21T10:36:23","date_gmt":"2025-08-21T10:36:23","guid":{"rendered":"https:\/\/www.europesays.com\/fr\/333720\/"},"modified":"2025-08-21T10:36:23","modified_gmt":"2025-08-21T10:36:23","slug":"atp-nouveau-forfait-a-lus-open-malheureusement-je-ne-serai-pas-pret","status":"publish","type":"post","link":"https:\/\/www.europesays.com\/fr\/333720\/","title":{"rendered":"ATP > Nouveau forfait \u00e0 l&rsquo;US Open : \u00ab\u00a0Malheureusement, je ne serai pas pr\u00eat&#8230;\u00a0\u00bb"},"content":{"rendered":"<p>Apr\u00e8s Hubert Hurkacz, Matteo Berrettini, Grigor Dimitrov et Arthur Fils, c\u2019est au tour de Kei Nishikori de d\u00e9clarer forfait pour l\u2019US Open (24 ao\u00fbt au 7 septembre).\u00a0<\/p>\n<blockquote class=\"twitter-tweet\">\n<p lang=\"en\" dir=\"ltr\">Hi fans, unfor\u00adtu\u00adna\u00adtely I will not be ready for the U.S. Open yet. I had an MRI taken of my back and it\u2019s not 100% healed yet. Working hard to be back on court soon. Thanks for the support.<\/p>\n<p>\u2014 Kei Nishikori (@keinishikori) <a href=\"https:\/\/twitter.com\/keinishikori\/status\/1958183110811562421?ref_src=twsrc%5Etfw\" data-wpel-link=\"external\" target=\"_blank\" rel=\"nofollow external noopener\">August 20,\u00a02025<\/a><\/p><\/blockquote>\n<p><strong>\u00ab\u202fSalut les fans, malheu\u00adreu\u00adse\u00adment, je ne serai pas pr\u00eat pour l\u2019US Open. J\u2019ai pass\u00e9 une IRM du dos et je ne suis pas encore compl\u00e8\u00adte\u00adment r\u00e9tabli. Je travaille dur pour revenir rapi\u00adde\u00adment sur le court. Merci pour votre soutien\u202f\u00bb<\/strong>, a expliqu\u00e9 le Japonais, 88e mondial, fina\u00adliste du Grand Chelem new\u2010yorkais en\u00a02014.\u00a0<\/p>\n<p class=\"post-published-date\" style=\"color: silver; font-size: 75%; text-align: left;\">Publi\u00e9 le jeudi 21 ao\u00fbt 2025 \u00e0 11:10<\/p>\n<p><script async src=\"https:\/\/platform.twitter.com\/widgets.js\" charset=\"utf-8\"><\/script><\/p>\n","protected":false},"excerpt":{"rendered":"Apr\u00e8s Hubert Hurkacz, Matteo Berrettini, Grigor Dimitrov et Arthur Fils, c\u2019est au tour de Kei Nishikori de d\u00e9clarer&hellip;\n","protected":false},"author":2,"featured_media":333721,"comment_status":"","ping_status":"","sticky":false,"template":"","format":"standard","meta":{"footnotes":""},"categories":[1415],"tags":[3768,5795,6580,1011,27,18615,60,1467],"class_list":{"0":"post-333720","1":"post","2":"type-post","3":"status-publish","4":"format-standard","5":"has-post-thumbnail","7":"category-tennis","8":"tag-arthur-fils","9":"tag-berrettini","10":"tag-dimitrov","11":"tag-fr","12":"tag-france","13":"tag-nishikori","14":"tag-sports","15":"tag-tennis"},"share_on_mastodon":{"url":"https:\/\/pubeurope.com\/@fr\/115066318555339341","error":""},"_links":{"self":[{"href":"https:\/\/www.europesays.com\/fr\/wp-json\/wp\/v2\/posts\/333720","targetHints":{"allow":["GET"]}}],"collection":[{"href":"https:\/\/www.europesays.com\/fr\/wp-json\/wp\/v2\/posts"}],"about":[{"href":"https:\/\/www.europesays.com\/fr\/wp-json\/wp\/v2\/types\/post"}],"author":[{"embeddable":true,"href":"https:\/\/www.europesays.com\/fr\/wp-json\/wp\/v2\/users\/2"}],"replies":[{"embeddable":true,"href":"https:\/\/www.europesays.com\/fr\/wp-json\/wp\/v2\/comments?post=333720"}],"version-history":[{"count":0,"href":"https:\/\/www.europesays.com\/fr\/wp-json\/wp\/v2\/posts\/333720\/revisions"}],"wp:featuredmedia":[{"embeddable":true,"href":"https:\/\/www.europesays.com\/fr\/wp-json\/wp\/v2\/media\/333721"}],"wp:attachment":[{"href":"https:\/\/www.europesays.com\/fr\/wp-json\/wp\/v2\/media?parent=333720"}],"wp:term":[{"taxonomy":"category","embeddable":true,"href":"https:\/\/www.europesays.com\/fr\/wp-json\/wp\/v2\/categories?post=333720"},{"taxonomy":"post_tag","embeddable":true,"href":"https:\/\/www.europesays.com\/fr\/wp-json\/wp\/v2\/tags?post=333720"}],"curies":[{"name":"wp","href":"https:\/\/api.w.org\/{rel}","templated":true}]}}