{"id":333726,"date":"2025-08-21T10:42:24","date_gmt":"2025-08-21T10:42:24","guid":{"rendered":"https:\/\/www.europesays.com\/fr\/333726\/"},"modified":"2025-08-21T10:42:24","modified_gmt":"2025-08-21T10:42:24","slug":"un-coureur-qui-passe-de-la-conti-vers-la-worldtour-on-le-connait-a-100-la-groupama-fdj-renforce-sa-strategie-de-formation","status":"publish","type":"post","link":"https:\/\/www.europesays.com\/fr\/333726\/","title":{"rendered":"\u00ab\u00a0Un coureur qui passe de la Conti vers la WorldTour, on le conna\u00eet \u00e0 100\u00a0%\u00a0\u00bb\u00a0: la Groupama-FDJ renforce sa strat\u00e9gie de formation"},"content":{"rendered":"<p>Pourquoi augmentez-vous vos capacit\u00e9s de formation (de 10 \u00e0 12 coureurs pour la Conti, de 8 \u00e0 10 pour l\u2019\u00e9quipe U19) ?<\/p>\n<p>Dans tous les sports, on voit que la performance est de plus en plus jeune. Les coureurs s\u2019entra\u00eenent avec de la data, des capteurs de puissance, ils font attention \u00e0 la qualit\u00e9 de leur entra\u00eenement d\u00e8s les cadets ou les juniors. On travaille avec des coureurs qui ont d\u00e9j\u00e0 cette rigueur. On renforce donc notre mod\u00e8le pour r\u00e9pondre \u00e0 ces attentes. Et puis, c\u2019est l\u2019ADN de l\u2019\u00e9quipe (sur les 27 coureurs de l\u2019\u00e9quipe WorldTour, 11 sont issus de l\u2019\u00e9quipe Conti). On se d\u00e9marque avec un centre de performance \u00e0 Besan\u00e7on, l\u2019\u00e9quivalent, toutes proportions gard\u00e9es, d\u2019un centre de formation. Avec 12 coureurs, on reste raisonnable, mais on n\u2019ira pas plus loin pour garder un travail qualitatif. Et on laissera toujours une place disponible dans la WorldTour si l\u2019\u00e9volution va plus vite.<\/p>\n<p>Combien de personnes g\u00e8rent ces structures jeunes ?<\/p>\n<p>Certaines ressources sont mutualis\u00e9es avec l\u2019\u00e9quipe World Tour. Mais on va dire une dizaine de personnes en moyenne : les entra\u00eeneurs, le scouting, la coordination, le team manager et puis des assistants, des m\u00e9canos\u2026 \u00c9videmment, l\u2019entra\u00eenement est le c\u0153ur du r\u00e9acteur. Mais tout ce qu\u2019il y a autour, la nutrition, la r\u00e9cup\u00e9ration, les autres formations, les langues.<\/p>\n<p>Qu\u2019est-ce que cela apporte ?<\/p>\n<p>L\u2019\u00e9quipe Conti n\u2019est pas un silo \u00e0 part. Les coureurs vont faire des courses avec la World Tour. Donc, ils vont commencer \u00e0 apprendre leur m\u00e9tier. Et une fois qu\u2019ils ont le niveau pour passer \u00e0 l\u2019\u00e9tape sup\u00e9rieure, on est certain d\u2019avoir des coureurs qui s\u2019adaptent imm\u00e9diatement, autant sur la partie sur le physique que sur la personnalit\u00e9, l\u2019int\u00e9gration dans le groupe, la coh\u00e9sion, la connaissance du staff. Un coureur d\u2019une autre \u00e9quipe, on ne le conna\u00eet jamais vraiment \u00e0 100 %. Un coureur qui passe de la Conti vers la WorldTour, on le conna\u00eet \u00e0 100 %. Donc, on r\u00e9duit cette incertitude.<\/p>\n<p>N\u2019est-ce pas votre moyen de lutter contre les grosses armadas avec des budgets bien plus importants ?<\/p>\n<p>On pourrait penser que c\u2019est un moyen de recruter moins cher mais non. On pourrait aller chercher des jeunes dans d\u2019autres \u00e9quipes de d\u00e9veloppement, dans des \u00e9quipes amateurs en France ou \u00e0 l\u2019\u00e9tranger et les salaires de passage en WorldTour seraient les m\u00eames. La seule diff\u00e9rence, c\u2019est qu\u2019on conna\u00eet le coureur.<\/p>\n<p><img decoding=\"async\" src=\"https:\/\/www.europesays.com\/fr\/wp-content\/uploads\/2025\/08\/68a639f1c34f212cf901d8b2.1.jpeg\" width=\"480\" height=\"300\" class=\"web_golden_m\" loading=\"lazy\" alt=\"Le Ch\u00e2teaulinois Thierry Cornec a rejoint la Groupama-FDJ en juin\u00a02024.\"\/>Le Ch\u00e2teaulinois Thierry Cornec a rejoint la Groupama-FDJ en juin\u00a02024. (Photo Jean-Saint-Marc)Vous formez aussi pour les autres \u00e9quipes*\u2026<\/p>\n<p>C\u2019est le jeu. On sait qu\u2019on ne pourra pas tous les garder. Et ce n\u2019est pas qu\u2019une question de salaire, certains coureurs vont avoir des envies d\u2019ailleurs. La majorit\u00e9 de ceux qui sont pass\u00e9s par notre Conti et qui sont actuellement dans d\u2019autres \u00e9quipes WorldTour ont apport\u00e9 \u00e0 la n\u00f4tre. En 2026, Maxime Decomble sera notre 20e coureur \u00e0 passer de la Conti \u00e0 la WorldTour.<\/p>\n<p>Quand ils partent, vous ne r\u00e9cup\u00e9rez pas un euro. Un syst\u00e8me avec des indemnit\u00e9s serait-il plus juste ?<\/p>\n<p>Je pense qu\u2019on y va, t\u00f4t ou tard. La formation va devenir encore plus importante qu\u2019auparavant. Et ce sujet arrivera comme dans les autres sports.<\/p>\n<p>Apr\u00e8s les \u00e9quipes de d\u00e9veloppement, c\u2019est au tour des \u00e9quipes U19 de fleurir\u2026<\/p>\n<p>Tous les coureurs de notre effectif junior sont aussi licenci\u00e9s dans leur club. On donne toujours la priorit\u00e9 au club, \u00e0 la s\u00e9lection r\u00e9gionale ou nationale, la Groupama-FDJ. On veut permettre \u00e0 des coureurs tr\u00e8s performants de faire des courses internationales. On travaille avec la FFC et l\u2019UCI pour stabiliser et structurer ce mod\u00e8le des \u00e9quipes mixtes juniors pour ne pas qu\u2019il y ait de d\u00e9rive. L\u2019ann\u00e9e derni\u00e8re, le CC Planco\u00ebt nous a demand\u00e9 de ne pas prendre <a href=\"https:\/\/www.letelegramme.fr\/sports\/cyclisme\/sur-le-velo-cest-la-copie-conforme-devenepoel-a-la-decouverte-deliott-boulet-lun-des-bretons-les-plus-attendus-sur-le-tour-de-bretagne-6804796.php\" target=\"_blank\" rel=\"nofollow noopener\">Eliott Boulet<\/a> pour le Grand Prix de Plouay Junior, on a accept\u00e9 tout de suite.<\/p>\n<p>Vous piochez dans les rangs amateurs pour la Conti\u2026<\/p>\n<p>Les deux se compl\u00e8tent. Tous les ans, il y a des coureurs qui passent d\u2019\u00e9quipe amateur vers l\u2019\u00e9chelon professionnel. Dans notre Conti, on parle de 12 coureurs dont un tiers d\u2019\u00e9trangers. \u00c7a veut dire une petite dizaine de coureurs du vivier fran\u00e7ais, \u00e7a reste raisonnable.<\/p>\n<p>Mais ils font partie des meilleurs amateurs.<\/p>\n<p>\u00c7a permet \u00e0 d\u2019autres, qui auraient peut-\u00eatre \u00e9t\u00e9 en deuxi\u00e8me ou troisi\u00e8me ligne, de se retrouver dans des \u00e9quipes \u00e0 des niveaux diff\u00e9rents.<\/p>\n<p>Le <a href=\"https:\/\/www.letelegramme.fr\/sports\/cyclisme\/mes-trois-dernieres-equipes-se-sont-arretees-cest-un-peu-bizarre-mais-je-reve-toujours-des-pros-le-vannetais-ludovic-morice-touche-mais-pas-coule-apres-la-fermeture-du-paris-cyclisme-olympique-6859737.php\" target=\"_blank\" rel=\"nofollow noopener\">Paris Cycliste Olympique<\/a> et Hexagone-Corbas Lyon ont d\u00e9cid\u00e9 d\u2019arr\u00eater leur \u00e9quipe N1 pour se tourner vers les U19. Le mod\u00e8le amateur est-il obsol\u00e8te ?<\/p>\n<p>Je ne dirais pas qu\u2019il est obsol\u00e8te. Il n\u00e9cessite de se restructurer pour r\u00e9pondre \u00e0 cette situation du sport. <a href=\"https:\/\/www.letelegramme.fr\/sports\/cyclisme\/ce-nest-pas-parce-que-paul-seixas-a-un-talent-fou-que-je-vais-lui-derouler-le-tapis-rouge-assure-le-selectionneur-de-lequipe-de-france-6860606.php\" target=\"_blank\" rel=\"nofollow noopener\">Paul Seixas<\/a> est pass\u00e9 directement de junior en World Tour, est-ce que \u00e7a continuera \u00e0 se produire ? \u00c7a indique la tendance. C\u2019est aux diff\u00e9rents niveaux de s\u2019adapter. Nous, on s\u2019est adapt\u00e9s en cr\u00e9ant la Conti il y a quelques ann\u00e9es.<\/p>\n<p>Et l\u00e0, le monde amateur doit aussi s\u2019adapter.<\/p>\n<p>Professionnaliser les coureurs trop t\u00f4t peut-il entra\u00eener des carri\u00e8res plus courtes ?<\/p>\n<p>C\u2019est un v\u00e9ritable risque et on y est tr\u00e8s attentif. C\u2019est pour \u00e7a que cette Conti existe et qu\u2019on leur apprend leur m\u00e9tier en \u00e9tant certain de franchir les paliers \u00e9tape par \u00e9tape, de ne pas les griller et assurer une long\u00e9vit\u00e9 plus importante dans ce sport. En allant trop vite, on risque de toucher \u00e0 la sant\u00e9 mentale ou \u00e0 de la fatigue excessive.<\/p>\n<p class=\"note\">* Dans les \u00e9quipes de premi\u00e8res et deuxi\u00e8mes divisions mondiales, 27 coureurs sont pass\u00e9s par la Conti Groupama-FDJ (sept n\u2019ont jamais port\u00e9 le maillot de l\u2019\u00e9quipe WorldTour).<\/p>\n","protected":false},"excerpt":{"rendered":"Pourquoi augmentez-vous vos capacit\u00e9s de formation (de 10 \u00e0 12 coureurs pour la Conti, de 8 \u00e0 10&hellip;\n","protected":false},"author":2,"featured_media":333727,"comment_status":"","ping_status":"","sticky":false,"template":"","format":"standard","meta":{"footnotes":""},"categories":[1411],"tags":[1154,207,6159,1011,27,33242,2427,60],"class_list":{"0":"post-333726","1":"post","2":"type-post","3":"status-publish","4":"format-standard","5":"has-post-thumbnail","7":"category-cyclisme","8":"tag-cycling","9":"tag-cyclisme","10":"tag-cyclisme-amateurs","11":"tag-fr","12":"tag-france","13":"tag-groupama-fdj","14":"tag-professionnels","15":"tag-sports"},"share_on_mastodon":{"url":"https:\/\/pubeurope.com\/@fr\/115066342754088587","error":""},"_links":{"self":[{"href":"https:\/\/www.europesays.com\/fr\/wp-json\/wp\/v2\/posts\/333726","targetHints":{"allow":["GET"]}}],"collection":[{"href":"https:\/\/www.europesays.com\/fr\/wp-json\/wp\/v2\/posts"}],"about":[{"href":"https:\/\/www.europesays.com\/fr\/wp-json\/wp\/v2\/types\/post"}],"author":[{"embeddable":true,"href":"https:\/\/www.europesays.com\/fr\/wp-json\/wp\/v2\/users\/2"}],"replies":[{"embeddable":true,"href":"https:\/\/www.europesays.com\/fr\/wp-json\/wp\/v2\/comments?post=333726"}],"version-history":[{"count":0,"href":"https:\/\/www.europesays.com\/fr\/wp-json\/wp\/v2\/posts\/333726\/revisions"}],"wp:featuredmedia":[{"embeddable":true,"href":"https:\/\/www.europesays.com\/fr\/wp-json\/wp\/v2\/media\/333727"}],"wp:attachment":[{"href":"https:\/\/www.europesays.com\/fr\/wp-json\/wp\/v2\/media?parent=333726"}],"wp:term":[{"taxonomy":"category","embeddable":true,"href":"https:\/\/www.europesays.com\/fr\/wp-json\/wp\/v2\/categories?post=333726"},{"taxonomy":"post_tag","embeddable":true,"href":"https:\/\/www.europesays.com\/fr\/wp-json\/wp\/v2\/tags?post=333726"}],"curies":[{"name":"wp","href":"https:\/\/api.w.org\/{rel}","templated":true}]}}