{"id":333734,"date":"2025-08-21T10:50:34","date_gmt":"2025-08-21T10:50:34","guid":{"rendered":"https:\/\/www.europesays.com\/fr\/333734\/"},"modified":"2025-08-21T10:50:34","modified_gmt":"2025-08-21T10:50:34","slug":"les-ombres-du-lac-france-tv-vous","status":"publish","type":"post","link":"https:\/\/www.europesays.com\/fr\/333734\/","title":{"rendered":"Les ombres du lac | France TV &#038; Vous"},"content":{"rendered":"<p>Des paysages sauvages, une atmosph\u00e8re pesante, des silhouettes fantomatiques, un village\u00a0 englouti\u00a0: sous ces allures de western entre le Tarn et l\u2019H\u00e9rault, \u00ab Surface \u00bb est \u00e0 la fois une enqu\u00eate sur un cold case mais aussi et surtout le parcours du capitaine Chastain, une femme magnifiquement incarn\u00e9e par Laura Smet, avec, \u00e0 ses c\u00f4t\u00e9s, Tomer Sisley. D\u00e8s le jeudi 21 ao\u00fbt en int\u00e9gralit\u00e9 sur france.tv et \u00e0 partir du lundi 1er septembre sur France 2 \u00e0 21.10<\/p>\n<p>Surface est l\u2019<strong style=\"font-family: Merriweather, serif; font-size: 1.8rem;\">adaptation du livre<\/strong><strong>best-seller d\u2019<\/strong><strong style=\"font-family: Merriweather, serif; font-size: 1.8rem;\">Olivier Norek<\/strong>. On y retrouve l\u2019attachement de l\u2019auteur pour sa r\u00e9gion natale, l\u2019Aveyron. Mais pas que\u00a0:<\/p>\n<p><strong>Olivier Norek<\/strong> : Je voulais aborder le sujet fantasmagorique des villages engloutis. Un village scind\u00e9 entre celui d\u2019en bas, englouti sous les eaux, et celui d\u2019en haut qui voit remonter \u00e0 la surface des secrets. Sans oublier le th\u00e8me de la reconstruction, de l\u2019acceptation.<\/p>\n<p>Cette reconstruction est celle de No\u00e9mie Chastain, jeune capitaine de police qui a v\u00e9cu un traumatisme dans sa chair et dans son \u00e2me \u00e0 la suite d\u2019une intervention qui s\u2019est mal pass\u00e9e.<\/p>\n<blockquote>\n<p>Ce personnage existe\u00a0: il s\u2019appelle Babette. C\u2019est une coll\u00e8gue \u00e0 moi, une amie qui a \u00e9t\u00e9 d\u00e9figur\u00e9e \u00e0 coups de barre de fer. Elle a \u00e9t\u00e9 appel\u00e9e un soir sur une intervention, ce genre d\u2019intervention qui sent le pi\u00e8ge. Un personnage bris\u00e9 de mille mani\u00e8res qui va remonter \u00e0 la surface.<\/p>\n<\/blockquote>\n<p>Un animal bless\u00e9, une femme \u00e0 la cicatrice impressionnante qui a demand\u00e9 \u00e0 Laura Smet deux heures de maquillage chaque matin et 66 jours avec cette proth\u00e8se, une faille apparente sur la joue.<br \/><strong>Olivier Norek<\/strong> : Le visage est cette pi\u00e8ce de th\u00e9\u00e2tre constante o\u00f9 se jouent toutes nos \u00e9motions. Nos mimiques ne sont absolument pas pour nous mais bien pour informer l\u2019autre de notre statut, comme sur les r\u00e9seaux sociaux. Nous jouons donc quotidiennement notre propre histoire. Je souhaitais aussi forcer le lecteur \u00e0 aller au-del\u00e0 des apparences en cr\u00e9ant un personnage cassant et physiquement bris\u00e9. Ainsi, si l\u2019on veut aimer No\u00e9mie Chastain, mon h\u00e9ro\u00efne, il va falloir gratter le vernis, la surface.<\/p>\n<p>\u00ab Surface \u00bb \u2013 Interview de Laura Smet<\/p>\n<p>La s\u00e9rie est r\u00e9alis\u00e9e par <strong>Slimane-Baptiste Berhoun <\/strong>qui a sign\u00e9 pour France T\u00e9l\u00e9visions Mental\u00a0et Vortex. Il a notamment tourn\u00e9, pr\u00e8s de Bruxelles, dans le plus gros studio de cin\u00e9ma subaquatique d&rsquo;Europe\u00a0:<br \/><strong>Slimane-Baptiste Berhoun :\u00a0<\/strong>C\u2019\u00e9tait la premi\u00e8re fois qu\u2019ils fabriquaient un d\u00e9cor immerg\u00e9 avec autant de s\u00e9quences, de p\u00e9rip\u00e9ties \u00e0 filmer et toute une \u00e9quipe technique \u00e0 10 m\u00e8tres de profondeur. Sans oublier notre com\u00e9dienne principale qui fait de la plong\u00e9e mais a aussi des s\u00e9quences d\u2019apn\u00e9e, les yeux ouverts, attach\u00e9e par les pieds \u00e0 7 m\u00e8tres de fond\u2026<\/p>\n<p>De longues immersions qui n\u2019ont pas toujours \u00e9videntes pour <strong>Laura Smet<\/strong>\u00a0: Quand j\u2019ai su que c\u2019\u00e9tait dans un bassin et que l\u2019eau \u00e9tait \u00e0 30 degr\u00e9s, cela m\u2019a calm\u00e9\u00a0! Mon instructeur a su me mettre en confiance, il savait d\u00e9tecter les moindres signaux d\u2019inqui\u00e9tude chez moi.<\/p>\n<p><img decoding=\"async\" alt=\"H\u00e9l\u00e8ne M\u00fcller, Th\u00e9o Costa-Marini et Laura Smet\" src=\"https:\/\/www.europesays.com\/fr\/wp-content\/uploads\/2025\/08\/DSC03203_b-2.jpg\"\/><\/p>\n<p>H\u00e9l\u00e8ne M\u00fcller, Th\u00e9o Costa-Marini et Laura Smet<\/p>\n<p>\u00a0 \u00a9 Baptiste Langinier &#8211; Quad Drama &#8211; France T\u00e9l\u00e9visions<\/p>\n<p>Ces s\u00e9quences d\u2019apn\u00e9e, les r\u00eaves de No\u00e9mie, sont autant de traumas qui font \u00e9cho avec ce qui s\u2019est pass\u00e9 vingt ans auparavant pour les habitants du village comme le \u00a0personnage du lieutenant Romain Valant, interpr\u00e9t\u00e9 par <strong>Th\u00e9o Costa-Marini.<\/strong><br \/><strong>Th\u00e9o<\/strong>\u00a0: Il y a une phrase de Jung qui dit\u00a0: \u00ab Ce qui est refoul\u00e9 finit par s\u2019incarner\u00a0\u00bb, et je trouve cette phrase matricielle pour toute la trag\u00e9die et tous les r\u00f4les. La m\u00e9moire de No\u00e9mie rencontre la m\u00e9moire collective du lieu et de ses habitants. Et l\u2019intrigue est d\u2019autant plus captivante que ces m\u00e9moires ne sont d\u2019embl\u00e9e ni \u00e9voqu\u00e9es ni verbalis\u00e9es\u2026\u00a0\u00a0<\/p>\n<p><img decoding=\"async\" alt=\"Otis Ngoi et Laura Smet\" src=\"https:\/\/www.europesays.com\/fr\/wp-content\/uploads\/2025\/08\/DSC08956_b_0.jpg\"\/><\/p>\n<p>Otis Ngoi et Laura Smet<\/p>\n<p>\u00a0 \u00a9 Baptiste Langinier &#8211; Quad Drama &#8211; France T\u00e9l\u00e9visions<\/p>\n<p>Surface<\/p>\n<p>Affect\u00e9e dans un commissariat d\u2019une petite ville d\u2019Occitanie apr\u00e8s une intervention qui a d\u00e9figur\u00e9 la moiti\u00e9 de son visage, la capitaine de police parisienne No\u00e9mie Chastain voit sa mission de convalescence forc\u00e9e prendre une sombre tournure. Alors qu\u2019elle devait faire un rapport sur l&rsquo;activit\u00e9 du commissariat et son \u00e9ventuelle fermeture, elle se retrouve soudainement plong\u00e9e dans une affaire de disparition vieille de vingt-deux ans. Un f\u00fbt contenant le squelette d\u2019un enfant remonte \u00e0 la surface du lac artificiel, au fond duquel repose l\u2019ancien village englouti&#8230; En d\u00e9pit de sa hi\u00e9rarchie qui la consid\u00e8re fragile, la capitaine saisit \u00e0 bras le corps cette affaire. Mais, au travers de cette \u00e9trange enqu\u00eate, elle verra tout un pan enfoui de sa propre vie refaire surface aussi.<\/p>\n<p><strong>In\u00e9dit<\/strong> &#8211; 6 x 52 min &#8211; D\u2019apr\u00e8s le roman Surface d&rsquo;<strong>Olivier Norek<\/strong> (Michel Lafon Publishing) &#8211; Auteurs\u00a0<strong>Marie Deshaires, Catherine Touzet, Laura Piani et Ga\u00eblle Bellan<\/strong> &#8211; R\u00e9alisation <strong>Slimane-Baptiste Berhoun<\/strong> &#8211; Production <strong>Quad Drama &#8211; <\/strong>Avec la participation de<strong> France T\u00e9l\u00e9visions.<\/strong><\/p>\n<p>Avec <strong>Laura Smet <\/strong>(No\u00e9mie Chastain), <strong>Tomer Sisley<\/strong> (Hugo Massey), <strong>Th\u00e9o Costa-Marini<\/strong> (Romain Valant), <strong>Otis Ngoi<\/strong> (Bousquet), <strong>Quentin Laclotte Parmentier <\/strong>(Milk), <strong>Florence Muller<\/strong> (Catherine Valant), <strong>Luc-Antoine Diqu\u00e9ro<\/strong> (Jacques Dorin), <strong>Serpentine Teyssier<\/strong> (Annie Dorin), <strong>Samuel Churin<\/strong> (Casteran), <strong>Elo\u00efse Rey<\/strong> (Justine Casteran), <strong>In\u00e8s Melab<\/strong> (Sofia Valant), <strong>Riad Gahmi <\/strong>(Ariel)<\/p>\n<p><strong>Surface,\u00a0<\/strong>diffus\u00e9e<strong> \u00e0 partir du lundi 1er septembre\u00a0 \u00e0 21.10 sur France 2, est \u00e0 (re)voir d\u00e8s le jeudi 21 ao\u00fbt en int\u00e9gralit\u00e9 sur <a href=\"https:\/\/www.france.tv\" rel=\"nofollow noopener\" target=\"_blank\">france.tv<\/a>\u00a0<\/strong>\u00a0<\/p>\n","protected":false},"excerpt":{"rendered":"Des paysages sauvages, une atmosph\u00e8re pesante, des silhouettes fantomatiques, un village\u00a0 englouti\u00a0: sous ces allures de western entre&hellip;\n","protected":false},"author":2,"featured_media":333735,"comment_status":"","ping_status":"","sticky":false,"template":"","format":"standard","meta":{"footnotes":""},"categories":[1356],"tags":[58,59,1011,27,252,1364],"class_list":{"0":"post-333734","1":"post","2":"type-post","3":"status-publish","4":"format-standard","5":"has-post-thumbnail","7":"category-television","8":"tag-divertissement","9":"tag-entertainment","10":"tag-fr","11":"tag-france","12":"tag-television","13":"tag-tv"},"share_on_mastodon":{"url":"https:\/\/pubeurope.com\/@fr\/115066375210704750","error":""},"_links":{"self":[{"href":"https:\/\/www.europesays.com\/fr\/wp-json\/wp\/v2\/posts\/333734","targetHints":{"allow":["GET"]}}],"collection":[{"href":"https:\/\/www.europesays.com\/fr\/wp-json\/wp\/v2\/posts"}],"about":[{"href":"https:\/\/www.europesays.com\/fr\/wp-json\/wp\/v2\/types\/post"}],"author":[{"embeddable":true,"href":"https:\/\/www.europesays.com\/fr\/wp-json\/wp\/v2\/users\/2"}],"replies":[{"embeddable":true,"href":"https:\/\/www.europesays.com\/fr\/wp-json\/wp\/v2\/comments?post=333734"}],"version-history":[{"count":0,"href":"https:\/\/www.europesays.com\/fr\/wp-json\/wp\/v2\/posts\/333734\/revisions"}],"wp:featuredmedia":[{"embeddable":true,"href":"https:\/\/www.europesays.com\/fr\/wp-json\/wp\/v2\/media\/333735"}],"wp:attachment":[{"href":"https:\/\/www.europesays.com\/fr\/wp-json\/wp\/v2\/media?parent=333734"}],"wp:term":[{"taxonomy":"category","embeddable":true,"href":"https:\/\/www.europesays.com\/fr\/wp-json\/wp\/v2\/categories?post=333734"},{"taxonomy":"post_tag","embeddable":true,"href":"https:\/\/www.europesays.com\/fr\/wp-json\/wp\/v2\/tags?post=333734"}],"curies":[{"name":"wp","href":"https:\/\/api.w.org\/{rel}","templated":true}]}}