{"id":333736,"date":"2025-08-21T10:52:22","date_gmt":"2025-08-21T10:52:22","guid":{"rendered":"https:\/\/www.europesays.com\/fr\/333736\/"},"modified":"2025-08-21T10:52:22","modified_gmt":"2025-08-21T10:52:22","slug":"oloron-quels-artistes-joueront-en-premiere-partie-de-black-m-et-iam","status":"publish","type":"post","link":"https:\/\/www.europesays.com\/fr\/333736\/","title":{"rendered":"Oloron\u00a0: quels artistes joueront en premi\u00e8re partie de Black M et IAM\u00a0?"},"content":{"rendered":"<p>Cette ann\u00e9e, les organisateurs ont mis la barre tr\u00e8s haut, avec des concerts du rappeur Black M et du l\u00e9gendaire groupe IAM, qui se d\u00e9rouleront les 5 et 6\u00a0septembre au fronton d\u2019Oloron.<\/p>\n<p>    La r\u00e9daction vous conseille<\/p>\n<p>Les pompiers ont cr\u00e9\u00e9 un tremplin afin de donner la possibilit\u00e9 \u00e0 des groupes amateurs ou semi-professionnels de jouer lors de la premi\u00e8re partie de ces soir\u00e9es, qui attireront plusieurs milliers de spectateurs. Au terme de plusieurs phases de s\u00e9lection, il ne reste d\u00e9sormais plus que quatre formations, qui seront d\u00e9partag\u00e9es lors d\u2019une finale organis\u00e9e ce lundi 25\u00a0ao\u00fbt \u00e0 partir de 19h30 sur la place Saint-Pierre.<\/p>\n<p>Pour lancer le concert d\u2019IAM du 6\u00a0septembre, deux duos ont \u00e9t\u00e9 choisis\u00a0: Val Otf et Ti Bo ainsi que B3X et Motta. Pour jouer en pr\u00e9lude \u00e0 Black M le 5\u00a0septembre, cela se jouera entre Nadixion et Eenzel.<\/p>\n<p>    La r\u00e9daction vous conseille<\/p>\n<p>Les organisateurs du challenge invitent le public \u00e0 r\u00e9pondre pr\u00e9sent \u00ab\u00a0pour soutenir votre coup de coeur\u00a0\u00bb. Les spectateurs pourront profiter d\u2019une buvette tenue par l\u2019amicale des sapeurs-pompiers.<\/p>\n","protected":false},"excerpt":{"rendered":"Cette ann\u00e9e, les organisateurs ont mis la barre tr\u00e8s haut, avec des concerts du rappeur Black M et&hellip;\n","protected":false},"author":2,"featured_media":333737,"comment_status":"","ping_status":"","sticky":false,"template":"","format":"standard","meta":{"footnotes":""},"categories":[1355],"tags":[58,59,1011,27,1361,873],"class_list":{"0":"post-333736","1":"post","2":"type-post","3":"status-publish","4":"format-standard","5":"has-post-thumbnail","7":"category-musique","8":"tag-divertissement","9":"tag-entertainment","10":"tag-fr","11":"tag-france","12":"tag-music","13":"tag-musique"},"share_on_mastodon":{"url":"https:\/\/pubeurope.com\/@fr\/115066381578539084","error":""},"_links":{"self":[{"href":"https:\/\/www.europesays.com\/fr\/wp-json\/wp\/v2\/posts\/333736","targetHints":{"allow":["GET"]}}],"collection":[{"href":"https:\/\/www.europesays.com\/fr\/wp-json\/wp\/v2\/posts"}],"about":[{"href":"https:\/\/www.europesays.com\/fr\/wp-json\/wp\/v2\/types\/post"}],"author":[{"embeddable":true,"href":"https:\/\/www.europesays.com\/fr\/wp-json\/wp\/v2\/users\/2"}],"replies":[{"embeddable":true,"href":"https:\/\/www.europesays.com\/fr\/wp-json\/wp\/v2\/comments?post=333736"}],"version-history":[{"count":0,"href":"https:\/\/www.europesays.com\/fr\/wp-json\/wp\/v2\/posts\/333736\/revisions"}],"wp:featuredmedia":[{"embeddable":true,"href":"https:\/\/www.europesays.com\/fr\/wp-json\/wp\/v2\/media\/333737"}],"wp:attachment":[{"href":"https:\/\/www.europesays.com\/fr\/wp-json\/wp\/v2\/media?parent=333736"}],"wp:term":[{"taxonomy":"category","embeddable":true,"href":"https:\/\/www.europesays.com\/fr\/wp-json\/wp\/v2\/categories?post=333736"},{"taxonomy":"post_tag","embeddable":true,"href":"https:\/\/www.europesays.com\/fr\/wp-json\/wp\/v2\/tags?post=333736"}],"curies":[{"name":"wp","href":"https:\/\/api.w.org\/{rel}","templated":true}]}}