{"id":333738,"date":"2025-08-21T10:53:32","date_gmt":"2025-08-21T10:53:32","guid":{"rendered":"https:\/\/www.europesays.com\/fr\/333738\/"},"modified":"2025-08-21T10:53:32","modified_gmt":"2025-08-21T10:53:32","slug":"mission-impossible-the-final-reckoning-etait-disponible-en-integralite-sur-youtube-mais-il-y-a-un-gros-mais-le-huffpost","status":"publish","type":"post","link":"https:\/\/www.europesays.com\/fr\/333738\/","title":{"rendered":"\u00ab Mission : Impossible &#8211; The Final Reckoning \u00bb \u00e9tait disponible en int\u00e9gralit\u00e9 sur YouTube, mais il y a un gros mais &#8211; Le HuffPost"},"content":{"rendered":"<ol>\n<li><a href=\"https:\/\/news.google.com\/rss\/articles\/CBMi-AFBVV95cUxNOThpQ3NyYWItdnVfZnhrY0g3TmNTVXBlN3RCUjNKVEo4cXFXVjlpU3k5dGphZFdTM3BoQVJzTGVDWllCLTJoeTJ1Q3FDRTlTcktzOTJxZHRIVXhwMjJXTXczMTJHbUxpY2NFQ05ORU92bGk5N3NMb0JHak5DT04tV1FMMWhGVjVGcFZhR3YyZ19mRFM1YllPWUNzUkFKWGxRb0trRU05TkZEVEx2MTZ2RlBGRWprNkpMZjRPMUxtU1RVbTRUNURzNzNtaDRWVjIwVkVsQjYzTVJFc2hJVk1qcUc2aHIyZklmTkpOZnJZQ1c2Z2p2cWRjWg?oc=5\" target=\"_blank\" rel=\"nofollow noopener\">\u00ab Mission : Impossible &#8211; The Final Reckoning \u00bb \u00e9tait disponible en int\u00e9gralit\u00e9 sur YouTube, mais il y a un gros mais<\/a>&nbsp;&nbsp;Le HuffPost<\/li>\n<li><a href=\"https:\/\/news.google.com\/rss\/articles\/CBMi5gFBVV95cUxNVHJ2OWF2cy1tRlU4RU5fM1VvQk85RmhVYnNSSG1PQzFjbF9qZ1pqdTJYakJmTVc0aGowZGxobjdwSUdmWW9tbkh5TERaRWhxNGN5WFMxOTdyRWFVcnlBcHhYVU1waDF4cjAyb1hXYnJfVTQwXzNPSXRNYlNjcmZGYWRtbnMyX1M2WXpZSnE5dlJ5dEtCMkZ2clM1RTlKU2ZyQjBoalJFQ1RKdWlNc3hWcU4tOFY2NlFQYlU2LU05UjNWQ1IwbjY3dFJkNjZlVjJlNkI3LVl4YmZKSWZYZTF1UXVkdWs5Zw?oc=5\" target=\"_blank\" rel=\"nofollow noopener\">Tom Cruise et Calvin Harris sont dans le Fil des Stars<\/a>&nbsp;&nbsp;20 Minutes<\/li>\n<li><a href=\"https:\/\/news.google.com\/rss\/articles\/CBMifkFVX3lxTE5kT0dMQVdOblF1S0F1RnhMZzFCUGdzTnhlZDczNUtWMlk0MUR4akxtY2RxcEdzeFczbVVTRTVjWHpuVGJJd0dFOVIxUGxia19QeFh1M0llYzdtR09Qb3JIb3FILUVoRHpsWHlVTFV6akNieFltN19zcXVSXzBUQQ?oc=5\" target=\"_blank\" rel=\"nofollow noopener\">Mission Impossible 8 : non, Tom Cruise n&rsquo;est pas le seul \u00e0 avoir risqu\u00e9 sa vie pour la sc\u00e8ne de l&rsquo;avion<\/a>&nbsp;&nbsp;AlloCin\u00e9<\/li>\n<li><a href=\"https:\/\/news.google.com\/rss\/articles\/CBMilgFBVV95cUxQRXNFMEJtSlhrYmZ1ejN6WHFRZGlJR2RsdW96UjRjcmRXSnEzcjY2a2ZIREw0QU94VDVJV25xdmJZcGNGTGpfODBVbm9zTVZRY3REUEhIcVdFRXRRYkZYLThDWE5JaWl4ODFCMGIyTU45bmZoUEVoMWdraS1hejZpYTJURjl0MmZKSmE3ZWlLeDlCejEtTmc?oc=5\" target=\"_blank\" rel=\"nofollow noopener\">Tristesse par Moizi<\/a>&nbsp;&nbsp;SensCritique<\/li>\n<li><a href=\"https:\/\/news.google.com\/rss\/articles\/CBMikgFBVV95cUxQVmxwOFotRXNfRzQ4YW5qakRxalJxOVZSSVV2anRKNHBDd09sQi1HSjJGUXJEeC1EbkVfZnNIeC1CRGhnYXdXX1VSOUZoYWpjNUhWNlRyazdRUlJid1Zndzl0UUZkelZiWjdZLXVKZ0FreGdxRWFOMU9CZXhlREYwVVl3amI4TmxZU3ktLTlvY1JGdw?oc=5\" target=\"_blank\" rel=\"nofollow noopener\">Mission Impossible 8 : Tom Cruise a failli se casser le dos pour cette cascade dangereuse<\/a>&nbsp;&nbsp;Ecran Large<\/li>\n<\/ol>\n","protected":false},"excerpt":{"rendered":"\u00ab Mission : Impossible &#8211; The Final Reckoning \u00bb \u00e9tait disponible en int\u00e9gralit\u00e9 sur YouTube, mais il y&hellip;\n","protected":false},"author":2,"featured_media":1445,"comment_status":"","ping_status":"","sticky":false,"template":"","format":"standard","meta":{"footnotes":""},"categories":[1354],"tags":[58,59,1346,1011,27,1360],"class_list":{"0":"post-333738","1":"post","2":"type-post","3":"status-publish","4":"format-standard","5":"has-post-thumbnail","7":"category-films","8":"tag-divertissement","9":"tag-entertainment","10":"tag-films","11":"tag-fr","12":"tag-france","13":"tag-movies"},"share_on_mastodon":{"url":"https:\/\/pubeurope.com\/@fr\/115066385442174999","error":""},"_links":{"self":[{"href":"https:\/\/www.europesays.com\/fr\/wp-json\/wp\/v2\/posts\/333738","targetHints":{"allow":["GET"]}}],"collection":[{"href":"https:\/\/www.europesays.com\/fr\/wp-json\/wp\/v2\/posts"}],"about":[{"href":"https:\/\/www.europesays.com\/fr\/wp-json\/wp\/v2\/types\/post"}],"author":[{"embeddable":true,"href":"https:\/\/www.europesays.com\/fr\/wp-json\/wp\/v2\/users\/2"}],"replies":[{"embeddable":true,"href":"https:\/\/www.europesays.com\/fr\/wp-json\/wp\/v2\/comments?post=333738"}],"version-history":[{"count":0,"href":"https:\/\/www.europesays.com\/fr\/wp-json\/wp\/v2\/posts\/333738\/revisions"}],"wp:featuredmedia":[{"embeddable":true,"href":"https:\/\/www.europesays.com\/fr\/wp-json\/wp\/v2\/media\/1445"}],"wp:attachment":[{"href":"https:\/\/www.europesays.com\/fr\/wp-json\/wp\/v2\/media?parent=333738"}],"wp:term":[{"taxonomy":"category","embeddable":true,"href":"https:\/\/www.europesays.com\/fr\/wp-json\/wp\/v2\/categories?post=333738"},{"taxonomy":"post_tag","embeddable":true,"href":"https:\/\/www.europesays.com\/fr\/wp-json\/wp\/v2\/tags?post=333738"}],"curies":[{"name":"wp","href":"https:\/\/api.w.org\/{rel}","templated":true}]}}