{"id":333756,"date":"2025-08-21T11:08:13","date_gmt":"2025-08-21T11:08:13","guid":{"rendered":"https:\/\/www.europesays.com\/fr\/333756\/"},"modified":"2025-08-21T11:08:13","modified_gmt":"2025-08-21T11:08:13","slug":"piscine-fermeture-du-23-aout-au-7-septembre-2025-ville-de-saint-etienne-du-rouvray","status":"publish","type":"post","link":"https:\/\/www.europesays.com\/fr\/333756\/","title":{"rendered":"Piscine : fermeture du 23 ao\u00fbt au 7 septembre 2025 &#8211; Ville de Saint-\u00c9tienne-du-Rouvray"},"content":{"rendered":"<p class=\"article-date\">\n\t\t\t\t\tBon \u00e0 savoir\t\t\t\t\t\t\t\t\t\t\t&#8211; 21 ao\u00fbt 2025\t\t\t\t\t\t\t\t\t<\/p>\n<p>Pour des raisons d\u2019entretien annuel avant la rentr\u00e9e, la piscine Marcel-Porzou sera ferm\u00e9e \u00e0 partir du samedi 23 ao\u00fbt et jusqu\u2019au dimanche 7 septembre 2025 inclus.<\/p>\n<p>R\u00e9ouverture le lundi 8 septembre, aux jours et heures indiqu\u00e9s <a href=\"https:\/\/www.saintetiennedurouvray.fr\/en-pratique\/culture-loisirs-et-sport\/equipements-sportifs\/piscine-marcel-porzou\/\" rel=\"nofollow noopener\" target=\"_blank\">sur cette page<\/a>.<\/p>\n<p>A noter que la piscine sera exceptionnellement ferm\u00e9e le mercredi matin 10 septembre.<\/p>\n","protected":false},"excerpt":{"rendered":"Bon \u00e0 savoir &#8211; 21 ao\u00fbt 2025 Pour des raisons d\u2019entretien annuel avant la rentr\u00e9e, la piscine Marcel-Porzou&hellip;\n","protected":false},"author":2,"featured_media":333757,"comment_status":"","ping_status":"","sticky":false,"template":"","format":"standard","meta":{"footnotes":""},"categories":[9653],"tags":[1111,11,2430,1777,674,1011,27,12,25,4001],"class_list":{"0":"post-333756","1":"post","2":"type-post","3":"status-publish","4":"format-standard","5":"has-post-thumbnail","7":"category-saint-etienne","8":"tag-actu","9":"tag-actualites","10":"tag-auvergne-rhone-alpes","11":"tag-eu","12":"tag-europe","13":"tag-fr","14":"tag-france","15":"tag-news","16":"tag-republique-francaise","17":"tag-saint-etienne"},"share_on_mastodon":{"url":"https:\/\/pubeurope.com\/@fr\/115066444526872344","error":""},"_links":{"self":[{"href":"https:\/\/www.europesays.com\/fr\/wp-json\/wp\/v2\/posts\/333756","targetHints":{"allow":["GET"]}}],"collection":[{"href":"https:\/\/www.europesays.com\/fr\/wp-json\/wp\/v2\/posts"}],"about":[{"href":"https:\/\/www.europesays.com\/fr\/wp-json\/wp\/v2\/types\/post"}],"author":[{"embeddable":true,"href":"https:\/\/www.europesays.com\/fr\/wp-json\/wp\/v2\/users\/2"}],"replies":[{"embeddable":true,"href":"https:\/\/www.europesays.com\/fr\/wp-json\/wp\/v2\/comments?post=333756"}],"version-history":[{"count":0,"href":"https:\/\/www.europesays.com\/fr\/wp-json\/wp\/v2\/posts\/333756\/revisions"}],"wp:featuredmedia":[{"embeddable":true,"href":"https:\/\/www.europesays.com\/fr\/wp-json\/wp\/v2\/media\/333757"}],"wp:attachment":[{"href":"https:\/\/www.europesays.com\/fr\/wp-json\/wp\/v2\/media?parent=333756"}],"wp:term":[{"taxonomy":"category","embeddable":true,"href":"https:\/\/www.europesays.com\/fr\/wp-json\/wp\/v2\/categories?post=333756"},{"taxonomy":"post_tag","embeddable":true,"href":"https:\/\/www.europesays.com\/fr\/wp-json\/wp\/v2\/tags?post=333756"}],"curies":[{"name":"wp","href":"https:\/\/api.w.org\/{rel}","templated":true}]}}