{"id":333758,"date":"2025-08-21T11:09:40","date_gmt":"2025-08-21T11:09:40","guid":{"rendered":"https:\/\/www.europesays.com\/fr\/333758\/"},"modified":"2025-08-21T11:09:40","modified_gmt":"2025-08-21T11:09:40","slug":"ete-gourmand-toutes-les-saveurs-du-monde-au-marche-de-vandoeuvre","status":"publish","type":"post","link":"https:\/\/www.europesays.com\/fr\/333758\/","title":{"rendered":"\u00c9t\u00e9 gourmand. Toutes les saveurs du monde au march\u00e9 de Vandoeuvre"},"content":{"rendered":"<p>Il est sans doute l\u2019un des plus importants de la r\u00e9gion ; l\u2019un des plus anciens aussi.<\/p>\n<p>Cr\u00e9\u00e9 dans les ann\u00e9es 70, le march\u00e9 de Vand\u0153uvre-l\u00e8s-Nancy accueille plusieurs milliers de personnes, chaque dimanche, autour d\u2019\u00e9tals et de stands vari\u00e9s.<\/p>\n<p>Reflet de la cit\u00e9, qui compte \u00e0 ce jour une centaine de nationalit\u00e9s, le march\u00e9 est \u00e9galement l\u2019endroit id\u00e9al pour go\u00fbter toutes les saveurs du monde. Petits coins restauration et mange-debout permettent en effet aux gourmets de se laisser tenter par les cuisines d\u2019ailleurs. Saveurs d\u2019Asie, du Maghreb, ou de l\u2019Afrique septentrionale, l\u2019offre est aussi riche que vari\u00e9e.<\/p>\n<p>Ce contenu est bloqu\u00e9 car vous n&rsquo;avez pas accept\u00e9 les cookies et autres traceurs.<\/p>\n<p>En cliquant sur \u00ab J\u2019accepte \u00bb, les cookies et autres traceurs seront d\u00e9pos\u00e9s et vous pourrez visualiser les contenus  (<a href=\"\" class=\"consentModule_policy\" target=\"_blank\" title=\"Consulter la politique de protection des donn\u00e9es du fournisseur\">plus d&rsquo;informations<\/a>).<\/p>\n<p>En cliquant sur \u00ab J\u2019accepte tous les cookies \u00bb, vous autorisez des d\u00e9p\u00f4ts de cookies et autres traceurs pour le stockage de vos donn\u00e9es sur nos sites et applications \u00e0 des fins de personnalisation et de ciblage publicitaire.<\/p>\n<p class=\"consentModule_secondaryText\">Vous gardez la possibilit\u00e9 de retirer votre consentement \u00e0 tout moment en consultant notre <a href=\"https:\/\/www.estrepublicain.fr\/protection-des-donnees\" target=\"_blank\" title=\"Consulter notre politique de protection des donn\u00e9es\" rel=\"noopener\">politique de protection des donn\u00e9es<\/a>. <br \/>&#13;<br \/>\n            <a href=\"https:\/\/www.estrepublicain.fr\/societe\/2025\/08\/21\/javascript:Didomi.notice.show()\" class=\"consentModule_cmp\" target=\"_blank\" rel=\"noopener\">G\u00e9rer mes choix<\/a>&#13;\n        <\/p>\n<p>&#13;<br \/>\n                        J&rsquo;accepte&#13;<br \/>\n            J&rsquo;accepte tous les cookies&#13;\n        <\/p>\n<p>Ce rendez-vous dominical, qui fait aujourd\u2019hui figure d\u2019institution, s\u2019appr\u00eate d\u2019ailleurs \u00e0 f\u00eater ses 50 ans. Au programme : un banquet en plein air, des animations pour petits et grands, de la musique pour danser et un grand g\u00e2teau \u00e0 partager !<\/p>\n<p>Rendez-vous le 31 ao\u00fbt \u00e0 partir de 10 h.<\/p>\n","protected":false},"excerpt":{"rendered":"Il est sans doute l\u2019un des plus importants de la r\u00e9gion ; l\u2019un des plus anciens aussi. Cr\u00e9\u00e9&hellip;\n","protected":false},"author":2,"featured_media":333759,"comment_status":"","ping_status":"","sticky":false,"template":"","format":"standard","meta":{"footnotes":""},"categories":[9635],"tags":[1111,11,1704,1777,674,1011,27,775,6364,3457,1702,12,25,104,5711],"class_list":{"0":"post-333758","1":"post","2":"type-post","3":"status-publish","4":"format-standard","5":"has-post-thumbnail","7":"category-nancy","8":"tag-actu","9":"tag-actualites","10":"tag-edition-nancy-et-agglomeration","11":"tag-eu","12":"tag-europe","13":"tag-fr","14":"tag-france","15":"tag-grand-est","16":"tag-metropole-du-grand-nancy-54b1","17":"tag-meurthe-et-moselle","18":"tag-nancy","19":"tag-news","20":"tag-republique-francaise","21":"tag-societe","22":"tag-vandoeuvre-les-nancy"},"share_on_mastodon":{"url":"https:\/\/pubeurope.com\/@fr\/115066448350145000","error":""},"_links":{"self":[{"href":"https:\/\/www.europesays.com\/fr\/wp-json\/wp\/v2\/posts\/333758","targetHints":{"allow":["GET"]}}],"collection":[{"href":"https:\/\/www.europesays.com\/fr\/wp-json\/wp\/v2\/posts"}],"about":[{"href":"https:\/\/www.europesays.com\/fr\/wp-json\/wp\/v2\/types\/post"}],"author":[{"embeddable":true,"href":"https:\/\/www.europesays.com\/fr\/wp-json\/wp\/v2\/users\/2"}],"replies":[{"embeddable":true,"href":"https:\/\/www.europesays.com\/fr\/wp-json\/wp\/v2\/comments?post=333758"}],"version-history":[{"count":0,"href":"https:\/\/www.europesays.com\/fr\/wp-json\/wp\/v2\/posts\/333758\/revisions"}],"wp:featuredmedia":[{"embeddable":true,"href":"https:\/\/www.europesays.com\/fr\/wp-json\/wp\/v2\/media\/333759"}],"wp:attachment":[{"href":"https:\/\/www.europesays.com\/fr\/wp-json\/wp\/v2\/media?parent=333758"}],"wp:term":[{"taxonomy":"category","embeddable":true,"href":"https:\/\/www.europesays.com\/fr\/wp-json\/wp\/v2\/categories?post=333758"},{"taxonomy":"post_tag","embeddable":true,"href":"https:\/\/www.europesays.com\/fr\/wp-json\/wp\/v2\/tags?post=333758"}],"curies":[{"name":"wp","href":"https:\/\/api.w.org\/{rel}","templated":true}]}}