{"id":333761,"date":"2025-08-21T11:14:12","date_gmt":"2025-08-21T11:14:12","guid":{"rendered":"https:\/\/www.europesays.com\/fr\/333761\/"},"modified":"2025-08-21T11:14:12","modified_gmt":"2025-08-21T11:14:12","slug":"les-deux-occupants-du-vehicule-utilitaire-sont-morts","status":"publish","type":"post","link":"https:\/\/www.europesays.com\/fr\/333761\/","title":{"rendered":"les deux occupants du v\u00e9hicule utilitaire sont morts"},"content":{"rendered":"<p>Deux personnes sont mortes ce mercredi 20 ao\u00fbt \u00e0 Six-Fours-les-Plages (Var). Le v\u00e9hicule utilitaire dans lequel elles se trouvaient a \u00e9t\u00e9 impliqu\u00e9 dans un violent accident avec deux poids lourds sur l&rsquo;A50.<\/p>\n<p>Les deux occupants du v\u00e9hicule utilitaire impliqu\u00e9 dans un <a href=\"https:\/\/www.bfmtv.com\/var\/un-grave-accident-a-six-fours-provoque-un-gros-embouteillage-au-peage-de-bandol_AN-202508200320.html\" title=\"Un grave accident \u00e0 Six-Fours provoque un gros embouteillage au p\u00e9age de Bandol\" class=\"internal_link\" rel=\"nofollow noopener\" target=\"_blank\">grave accident avec deux poids lourds \u00e0 Six-Fours-les-Plages<\/a>, ce mercredi 20 ao\u00fbt, sont morts, a appris BFM Toulon Var.<\/p>\n<p>Deux autres personnes l\u00e9g\u00e8rement touch\u00e9es<\/p>\n<p>Les faits s&rsquo;\u00e9taient produits sur l&rsquo;autoroute A50, peu avant midi, dans le sens Marseille-Toulon. Deux poids lourds et un v\u00e9hicule utilitaire \u00e9taient entr\u00e9s en collision. Le premier bilan faisait \u00e9tat de cinq bless\u00e9s, dont deux gravement.<\/p>\n<p>Ces deux derniers, incarc\u00e9r\u00e9s dans le v\u00e9hicule utilitaire, sont morts malgr\u00e9 l&rsquo;intervention des secours. Les deux conducteurs des poids lourds sont eux l\u00e9g\u00e8rement bless\u00e9s.<\/p>\n<p>L&rsquo;accident avait cr\u00e9\u00e9 de nombreuses perturbations sur l&rsquo;axe, avec notamment une fermeture temporaire \u00e0 hauteur du p\u00e9age de Bandol.<\/p>\n<p>Luca Licata avec Mathias Fleury<\/p>\n","protected":false},"excerpt":{"rendered":"Deux personnes sont mortes ce mercredi 20 ao\u00fbt \u00e0 Six-Fours-les-Plages (Var). Le v\u00e9hicule utilitaire dans lequel elles se&hellip;\n","protected":false},"author":2,"featured_media":333762,"comment_status":"","ping_status":"","sticky":false,"template":"","format":"standard","meta":{"footnotes":""},"categories":[9619],"tags":[1111,11,1777,674,1011,27,12,882,25,2310],"class_list":{"0":"post-333761","1":"post","2":"type-post","3":"status-publish","4":"format-standard","5":"has-post-thumbnail","7":"category-toulon","8":"tag-actu","9":"tag-actualites","10":"tag-eu","11":"tag-europe","12":"tag-fr","13":"tag-france","14":"tag-news","15":"tag-provence-alpes-cote-dazur","16":"tag-republique-francaise","17":"tag-toulon"},"share_on_mastodon":{"url":"https:\/\/pubeurope.com\/@fr\/115066468065549787","error":""},"_links":{"self":[{"href":"https:\/\/www.europesays.com\/fr\/wp-json\/wp\/v2\/posts\/333761","targetHints":{"allow":["GET"]}}],"collection":[{"href":"https:\/\/www.europesays.com\/fr\/wp-json\/wp\/v2\/posts"}],"about":[{"href":"https:\/\/www.europesays.com\/fr\/wp-json\/wp\/v2\/types\/post"}],"author":[{"embeddable":true,"href":"https:\/\/www.europesays.com\/fr\/wp-json\/wp\/v2\/users\/2"}],"replies":[{"embeddable":true,"href":"https:\/\/www.europesays.com\/fr\/wp-json\/wp\/v2\/comments?post=333761"}],"version-history":[{"count":0,"href":"https:\/\/www.europesays.com\/fr\/wp-json\/wp\/v2\/posts\/333761\/revisions"}],"wp:featuredmedia":[{"embeddable":true,"href":"https:\/\/www.europesays.com\/fr\/wp-json\/wp\/v2\/media\/333762"}],"wp:attachment":[{"href":"https:\/\/www.europesays.com\/fr\/wp-json\/wp\/v2\/media?parent=333761"}],"wp:term":[{"taxonomy":"category","embeddable":true,"href":"https:\/\/www.europesays.com\/fr\/wp-json\/wp\/v2\/categories?post=333761"},{"taxonomy":"post_tag","embeddable":true,"href":"https:\/\/www.europesays.com\/fr\/wp-json\/wp\/v2\/tags?post=333761"}],"curies":[{"name":"wp","href":"https:\/\/api.w.org\/{rel}","templated":true}]}}