{"id":333766,"date":"2025-08-21T11:18:35","date_gmt":"2025-08-21T11:18:35","guid":{"rendered":"https:\/\/www.europesays.com\/fr\/333766\/"},"modified":"2025-08-21T11:18:35","modified_gmt":"2025-08-21T11:18:35","slug":"rugby-un-parfum-de-top-14-va-flotter-dans-le-gers-avec-laffiche-pau-montpellier-ce-vendredi-a-auch","status":"publish","type":"post","link":"https:\/\/www.europesays.com\/fr\/333766\/","title":{"rendered":"Rugby\u00a0: un parfum de Top 14 va flotter dans le Gers avec l\u2019affiche Pau-Montpellier ce vendredi \u00e0 Auch"},"content":{"rendered":"<p>\n                                                                    l&rsquo;essentiel<br \/>\n                                                                Le rugby de l\u2019\u00e9lite, il y a longtemps que la pelouse de Jacques-Fouroux ne l\u2019a pas vu. Ce vendredi 22\u00a0ao\u00fbt \u00e0 19\u00a0h, la Section Paloise et le Montpellier H\u00e9rault Rugby r\u00e9pareront cette anomalie. Un match rare \u00e0 ne manquer sous aucun pr\u00e9texte.\n                            <\/p>\n<p>Le RC Auch offre ce vendredi\u00a0soir, \u00e0 ses supporters ainsi qu\u2019aux amoureux du rugby, l\u2019opportunit\u00e9 d\u2019assister \u00e0 <a href=\"https:\/\/www.ladepeche.fr\/2025\/08\/21\/rugby-amateur-nationale-2-un-premier-derby-pas-si-amical-entre-auch-et-fleurance-ce-vendredi-12884820.php\" target=\"_self\" rel=\"nofollow noopener\">un derby gersois entre Auch et Fleurance<\/a>, suivi d\u2019un match labellis\u00e9 Top14 entre la Section Paloise et le Montpellier H\u00e9rault Rugby.<\/p>\n<p class=\"std-elt__inline\">\n        <strong>\u00c0 lire aussi :<\/strong><br \/>\n        <a href=\"https:\/\/www.ladepeche.fr\/2025\/07\/01\/le-top-14-de-retour-a-auch-avec-un-match-dexhibition-entre-la-section-paloise-et-montpellier-12798069.php\" rel=\"nofollow noopener\" target=\"_blank\">Le Top 14 de retour \u00e0 Auch avec un match d\u2019exhibition entre la Section Paloise et Montpellier<\/a>\n    <\/p>\n<p>Apr\u00e8s le match amical entre Gersois de N2, \u00e0 17\u00a0h, la pelouse de Jacques-Fouroux recevra les stars du Top14 des \u00e9quipes de Pau et du MHR. Seront l\u00e0, entre autres, les Palois Luke Whitelock, 3e ligne All Black, Joe Simmonds, l\u2019ouvreur anglais, Gr\u00e9goire Arfeuil, l\u2019arri\u00e8re venu de Lectoure, le talonneur Julian Montoya, le 3e ligne Facundo Isa ou encore le pilier basque Jon Zabala-Arrieta.<\/p>\n<p>        <img decoding=\"async\" class=\"std-img__img responsive-img\" src=\"https:\/\/www.europesays.com\/fr\/wp-content\/uploads\/2025\/08\/1755775114_249_image.jpg\" alt=\"La Section Paloise vise le top 6 la saison prochaine.\"\/><\/p>\n<p>                La Section Paloise vise le top 6 la saison prochaine.<br \/>\n                                    Section Paloise &#8211; Fran\u00e7ois Redon<\/p>\n<p>Pau, sous la direction du technicien qu\u2019on ne pr\u00e9sente plus S\u00e9bastien Piqueronies, avec son adjoint, ancien joueur du FCAG, le Vicois Brandon Fajardo, laissera sans doute au repos quelques internationaux en p\u00e9riode de reprise. Toutefois, une trentaine de joueurs vert\u00a0et blanc\u00a0sont annonc\u00e9s, car ce match rev\u00eat une grande importance pour valider le travail effectu\u00e9 depuis le 9\u00a0juillet.<\/p>\n<p>Le manager b\u00e9arnais dit combien il est heureux de jouer \u00e0 Auch, ville phare\u00a0du rugby en g\u00e9n\u00e9ral et poss\u00e9dant une identit\u00e9 morale proche de ses pr\u00e9ceptes. On le sait, Pau ambitionne d\u2019atteindre le top 6\u00a0en fin de saison. Ces deux rendez-vous d\u2019avant-saison (le second contre La\u00a0Rochelle \u00e0 Mont-de-Marsan, le 28\u00a0ao\u00fbt) sont donc primordiaux pour bien lancer\u00a0la machine\u00a0et en tirer de nombreux enseignements, afin d\u2019\u00eatre pr\u00eat d\u00e8s le coup d\u2019envoi du Top 14, le 6\u00a0septembre.<\/p>\n<p>Paillaugue de retour \u00e0 Jacques-Fouroux<\/p>\n<p>Cette saison, Pau aura acc\u00e8s \u00e0 la Champions Cup nouvelle formule, ce qui valide, selon le manager, les paliers franchis par son club et\u00a0prouve que le club grandit dans le bon sens. De quoi\u00a0aborder\u00a0cette comp\u00e9tition avec bonheur et une pointe d\u2019ambition.<\/p>\n<p>C\u00f4t\u00e9 montpelli\u00e9rain, la d\u00e9marche est similaire. En ayant termin\u00e9 le dernier championnat \u00e0 la 9e place, l\u2019ambition de la saison qui va s\u2019ouvrir est de retrouver les phases finales du Top 14. Avec un fort turnover \u00e0 l\u2019intersaison (13 d\u00e9parts), le MHR a proc\u00e9d\u00e9 \u00e0 un mercato XXL avec, par exemple, les arriv\u00e9es d\u2019Adam Beard, 2e ligne gallois, ou encore du demi de m\u00eal\u00e9e \u00e9cossais Ali Price, du talonneur All Black Ricky Riccitelli, de l\u2019arri\u00e8re australien Tom Banks et bien d\u2019autres.<\/p>\n<p>        <img decoding=\"async\" class=\"std-img__img responsive-img\" src=\"https:\/\/www.europesays.com\/fr\/wp-content\/uploads\/2025\/08\/1755775115_722_image.jpg\" alt=\"Pass\u00e9 par le FCAG en 2008 et d\u00e9sormais membre du staff du MHR, Beno\u00eet Paillaugue retrouvera vendredi le stade Jacques-Fouroux.\"\/><\/p>\n<p>                Pass\u00e9 par le FCAG en 2008 et d\u00e9sormais membre du staff du MHR, Beno\u00eet Paillaugue retrouvera vendredi le stade Jacques-Fouroux.<br \/>\n                                    DDM &#8211; SEBASTIEN LAPEYRERE<\/p>\n<p>Le manager h\u00e9raultais Joan Caudullo, assist\u00e9 notamment dans son staff de l\u2019ex-Auscitain Beno\u00eet Paillaugue (entra\u00eeneur des phases offensives), souhaite retrouver\u00a0une place dans les six qualifi\u00e9s et redorer ce blason montpelli\u00e9rain, en d\u00e9licatesse depuis quelque temps. Ce recrutement XXL, tout en ayant dans ses rangs des titulaires en place, doit cr\u00e9er une \u00e9mulation afin de tirer la quintessence de chacun. Joan Caudullo souhaite que tous ces grands noms lui prouvent qu\u2019ils sont les meilleurs \u00e0 leurs postes tous les week-ends. Les titulaires doivent devenir des leaders dans le sillage des Billy Vunipola ou Stuart Hogg (bless\u00e9 actuellement), comme Baptiste Erdocio, Enzo Forletta, Alexandre B\u00e9cogn\u00e9e, Florian Verhaeghe, Yacouba Camara ou Arthur Vincent.<\/p>\n<p class=\"std-elt__inline\">\n        <strong>\u00c0 lire aussi :<\/strong><br \/>\n        <a href=\"https:\/\/www.ladepeche.fr\/2025\/08\/20\/comment-les-joueurs-du-montpellier-herault-rugby-sentrainent-au-frais-dans-les-pyrenees-12885107.php\" rel=\"nofollow noopener\" target=\"_blank\">Comment les joueurs du Montpellier H\u00e9rault Rugby s\u2019entra\u00eenent au frais, dans les Pyr\u00e9n\u00e9es<\/a>\n    <\/p>\n<p>Les Cistes viennent \u00e0 Auch pour valider leur pr\u00e9paration et se mesurer \u00e0 un club qui leur ressemble dans l\u2019ambition. C\u2019est pourquoi aucune excuse ne peut \u00eatre mise en avant pour manquer une telle affiche, qui sent bon l\u2019engagement, la d\u00e9termination et le beau jeu, tout ceci sous la direction de l\u2019excellent arbitre auscitain Pierre Bru, promu en Top 14 cette saison. On en salive \u00e0 l\u2019avance.<\/p>\n<p>Entr\u00e9e g\u00e9n\u00e9rale 15\u00a0\u20ac pour les deux matchs. Gratuite avec l\u2019abonnement saison 25-25 au RCA.<\/p>\n","protected":false},"excerpt":{"rendered":"l&rsquo;essentiel Le rugby de l\u2019\u00e9lite, il y a longtemps que la pelouse de Jacques-Fouroux ne l\u2019a pas vu.&hellip;\n","protected":false},"author":2,"featured_media":333767,"comment_status":"","ping_status":"","sticky":false,"template":"","format":"standard","meta":{"footnotes":""},"categories":[9599],"tags":[1111,11,1777,674,1011,27,2208,12,2680,25],"class_list":{"0":"post-333766","1":"post","2":"type-post","3":"status-publish","4":"format-standard","5":"has-post-thumbnail","7":"category-montpellier","8":"tag-actu","9":"tag-actualites","10":"tag-eu","11":"tag-europe","12":"tag-fr","13":"tag-france","14":"tag-montpellier","15":"tag-news","16":"tag-occitanie","17":"tag-republique-francaise"},"share_on_mastodon":{"url":"https:\/\/pubeurope.com\/@fr\/115066484813978992","error":""},"_links":{"self":[{"href":"https:\/\/www.europesays.com\/fr\/wp-json\/wp\/v2\/posts\/333766","targetHints":{"allow":["GET"]}}],"collection":[{"href":"https:\/\/www.europesays.com\/fr\/wp-json\/wp\/v2\/posts"}],"about":[{"href":"https:\/\/www.europesays.com\/fr\/wp-json\/wp\/v2\/types\/post"}],"author":[{"embeddable":true,"href":"https:\/\/www.europesays.com\/fr\/wp-json\/wp\/v2\/users\/2"}],"replies":[{"embeddable":true,"href":"https:\/\/www.europesays.com\/fr\/wp-json\/wp\/v2\/comments?post=333766"}],"version-history":[{"count":0,"href":"https:\/\/www.europesays.com\/fr\/wp-json\/wp\/v2\/posts\/333766\/revisions"}],"wp:featuredmedia":[{"embeddable":true,"href":"https:\/\/www.europesays.com\/fr\/wp-json\/wp\/v2\/media\/333767"}],"wp:attachment":[{"href":"https:\/\/www.europesays.com\/fr\/wp-json\/wp\/v2\/media?parent=333766"}],"wp:term":[{"taxonomy":"category","embeddable":true,"href":"https:\/\/www.europesays.com\/fr\/wp-json\/wp\/v2\/categories?post=333766"},{"taxonomy":"post_tag","embeddable":true,"href":"https:\/\/www.europesays.com\/fr\/wp-json\/wp\/v2\/tags?post=333766"}],"curies":[{"name":"wp","href":"https:\/\/api.w.org\/{rel}","templated":true}]}}