{"id":333768,"date":"2025-08-21T11:20:22","date_gmt":"2025-08-21T11:20:22","guid":{"rendered":"https:\/\/www.europesays.com\/fr\/333768\/"},"modified":"2025-08-21T11:20:22","modified_gmt":"2025-08-21T11:20:22","slug":"ivre-il-pense-echapper-aux-policiers-a-rouen-mais-termine-sa-course-dans-une-voiture","status":"publish","type":"post","link":"https:\/\/www.europesays.com\/fr\/333768\/","title":{"rendered":"Ivre, il pense \u00e9chapper aux policiers \u00e0 Rouen, mais&#8230; termine sa course dans une voiture"},"content":{"rendered":"<p>            Par<br \/>\n        <strong><br \/>\n            <a href=\"https:\/\/actu.fr\/auteur\/yann-rivallan\" title=\"Consulter tous les articles de Yann Rivallan\" target=\"_blank\" rel=\"noopener\">Yann Rivallan<\/a><br \/>\n        <\/strong><\/p>\n<p>        Publi\u00e9 le<\/p>\n<p>            21 ao\u00fbt 2025 \u00e0 11h57        <\/p>\n<p>Refus d\u2019obtemp\u00e9rer, alcool, conduite dangereuse\u2026 Un conducteur de 23\u00a0ans a pris <strong>tous les risques<\/strong> dans la nuit du 20\u00a0ao\u00fbt 2025 \u00e0 <a href=\"https:\/\/actu.fr\/normandie\/rouen_76540\" target=\"_blank\" rel=\"noopener\">Rouen<\/a>, pour \u00e9chapper aux policiers. Il a termin\u00e9 en garde \u00e0 vue avec un de ses comp\u00e8res.<\/p>\n<p>Il refuse de s\u2019arr\u00eater<\/p>\n<p class=\" wall-content\">Il est 23h45 lorsque les policiers terminent une s\u00e9rie de contr\u00f4les dans la rue Jean-Lecanuet. Au moment de repartir, \u00ab\u2009ils entendent un grand bruit et une voiture arrive \u00e0 toute allure dans leur direction\u2009\u00bb, retrace une source polici\u00e8re \u00e0 76actu.<\/p>\n<p class=\" wall-content\">Les forces de l\u2019ordre agitent leurs lampes torches pour faire signe au conducteur de s\u2019arr\u00eater. Mais ce dernier <strong>fait un \u00e9cart et acc\u00e9l\u00e8re<\/strong> davantage en direction de l\u2019h\u00f4tel de ville. Les policiers montent dans leur v\u00e9hicule, allument le gyrophare et la sir\u00e8ne, et pourchassent le chauffard.<\/p>\n<p class=\" wall-content\">Dans sa course, le conducteur prend de nombreux risques\u2009: \u00ab<strong>\u2009Il grille un feu rouge<\/strong>, il roule sur une voie de bus et il franchit un sens interdit\u2009\u00bb, r\u00e9capitule notre source.<\/p>\n<p>Il tente de s\u2019enfuir \u00e0 pied<\/p>\n<p class=\" wall-content\">La course-poursuite continue rue Saint-Vivien, puis rue Saint-Hilaire, jusqu\u2019\u00e0 ce que le conducteur tourne brusquement dans la rue Chantereine. Sauf qu\u2019il <strong>percute une voiture stationn\u00e9e<\/strong> dans la rue. Il termine sa course \u00e0 l\u2019angle de la rue Chantereine et de la rue Eau de Robec.<\/p>\n<p class=\" wall-content\">Alors que les forces de l\u2019ordre approchent, il descend de sa voiture et <strong>prend la fuite \u00e0 pieds<\/strong>. Il court environ 100 m\u00e8tres et se fait interpeller par les policiers. \u00c0 bord de son v\u00e9hicule, deux passagers sont contr\u00f4l\u00e9s. L\u2019un d\u2019eux, \u00e2g\u00e9 de 45 ans, est fortement alcoolis\u00e9. Il est \u00e9galement interpell\u00e9. L\u2019autre passager, \u00e2g\u00e9 de 25 ans, est laiss\u00e9 libre.<\/p>\n<p class=\" wall-content\">Le conducteur de 23\u00a0ans pr\u00e9sente lui aussi un fort taux d\u2019alcool. Il souffle \u00e0 0,74\u00a0mg\/L air expir\u00e9, soit <strong>1,48\u00a0g d\u2019alcool dans le sang<\/strong>. Il est plac\u00e9 en garde \u00e0 vue et sa voiture est envoy\u00e9e \u00e0 la fourri\u00e8re.<\/p>\n<p>Votre r\u00e9gion, votre actu !<\/p>\n<p>Recevez chaque jour les infos qui comptent pour vous.<\/p>\n<p>\t<a href=\"https:\/\/actu.fr\/newsletter\" class=\"ac-btn ac-btn--corner ac-btn--medium ac-btn--blue800\" target=\"_blank\" rel=\"noopener\">S&rsquo;incrire<\/a><br \/>\nSuivez l\u2019actualit\u00e9 de Rouen sur <a href=\"https:\/\/www.whatsapp.com\/channel\/0029VaKfnf99hXF2ddApFB1D\" target=\"_blank\" rel=\"noopener\">notre cha\u00eene WhatsApp<\/a> et sur <a href=\"https:\/\/www.tiktok.com\/@76actu.fr?lang=fr\" target=\"_blank\" rel=\"noopener\">notre compte TikTok<\/a><\/p>\n<p class=\" wall-content\">Personnalisez votre actualit\u00e9 en ajoutant vos villes et m\u00e9dias en favori avec <a href=\"https:\/\/moncompte.actu.fr\" title=\"D\u00e9couvez Mon Actu\" rel=\"nofollow noopener\" data-trk=\"{&quot;cta&quot;:{&quot;action&quot;:&quot;https:\\\/\\\/moncompte.actu.fr&quot;,&quot;category&quot;:&quot;mon compte&quot;,&quot;from&quot;:&quot;article footer&quot;,&quot;name&quot;:&quot;Mon actu&quot;,&quot;type&quot;:&quot;cta&quot;}}\" target=\"_blank\">Mon Actu<\/a>.<\/p>\n<p>                    <script async src=\"\/\/www.tiktok.com\/embed.js\"><\/script><\/p>\n","protected":false},"excerpt":{"rendered":"Par Yann Rivallan Publi\u00e9 le 21 ao\u00fbt 2025 \u00e0 11h57 Refus d\u2019obtemp\u00e9rer, alcool, conduite dangereuse\u2026 Un conducteur de&hellip;\n","protected":false},"author":2,"featured_media":333769,"comment_status":"","ping_status":"","sticky":false,"template":"","format":"standard","meta":{"footnotes":""},"categories":[9587],"tags":[1111,11,5702,1777,674,118,1011,27,12,5161,1072,2852,25,9590],"class_list":{"0":"post-333768","1":"post","2":"type-post","3":"status-publish","4":"format-standard","5":"has-post-thumbnail","7":"category-rouen","8":"tag-actu","9":"tag-actualites","10":"tag-alcool","11":"tag-eu","12":"tag-europe","13":"tag-faits-divers","14":"tag-fr","15":"tag-france","16":"tag-news","17":"tag-normandie","18":"tag-police","19":"tag-refus-dobtemperer","20":"tag-republique-francaise","21":"tag-rouen"},"share_on_mastodon":{"url":"https:\/\/pubeurope.com\/@fr\/115066491566773970","error":""},"_links":{"self":[{"href":"https:\/\/www.europesays.com\/fr\/wp-json\/wp\/v2\/posts\/333768","targetHints":{"allow":["GET"]}}],"collection":[{"href":"https:\/\/www.europesays.com\/fr\/wp-json\/wp\/v2\/posts"}],"about":[{"href":"https:\/\/www.europesays.com\/fr\/wp-json\/wp\/v2\/types\/post"}],"author":[{"embeddable":true,"href":"https:\/\/www.europesays.com\/fr\/wp-json\/wp\/v2\/users\/2"}],"replies":[{"embeddable":true,"href":"https:\/\/www.europesays.com\/fr\/wp-json\/wp\/v2\/comments?post=333768"}],"version-history":[{"count":0,"href":"https:\/\/www.europesays.com\/fr\/wp-json\/wp\/v2\/posts\/333768\/revisions"}],"wp:featuredmedia":[{"embeddable":true,"href":"https:\/\/www.europesays.com\/fr\/wp-json\/wp\/v2\/media\/333769"}],"wp:attachment":[{"href":"https:\/\/www.europesays.com\/fr\/wp-json\/wp\/v2\/media?parent=333768"}],"wp:term":[{"taxonomy":"category","embeddable":true,"href":"https:\/\/www.europesays.com\/fr\/wp-json\/wp\/v2\/categories?post=333768"},{"taxonomy":"post_tag","embeddable":true,"href":"https:\/\/www.europesays.com\/fr\/wp-json\/wp\/v2\/tags?post=333768"}],"curies":[{"name":"wp","href":"https:\/\/api.w.org\/{rel}","templated":true}]}}