{"id":333781,"date":"2025-08-21T11:30:18","date_gmt":"2025-08-21T11:30:18","guid":{"rendered":"https:\/\/www.europesays.com\/fr\/333781\/"},"modified":"2025-08-21T11:30:18","modified_gmt":"2025-08-21T11:30:18","slug":"strasbourg-brondby-sur-quelle-chaine-voir-le-match","status":"publish","type":"post","link":"https:\/\/www.europesays.com\/fr\/333781\/","title":{"rendered":"Strasbourg-Br\u00f8ndby, sur quelle cha\u00eene voir le match ?"},"content":{"rendered":"<p><strong>Ce jeudi, Strasbourg accueille<br \/>\nBr\u00f8ndby \u00e0 l&rsquo;occasion du barrage d&rsquo;accession \u00e0 la Ligue Conf\u00e9rence.<br \/>\nUn match \u00e0 suivre en direct sur notre site.<\/strong><\/p>\n<p>Strasbourg-Br\u00f8ndby, le match en direct<\/p>\n<p>Septi\u00e8me du dernier championnat de France, le Racing Club de<br \/>\nStrasbourg va croiser la route d\u2019un club danois. Un match \u00e0 suivre<br \/>\ndans le live comment\u00e9 ci-dessous.<\/p>\n<ul class=\"list-inline text-center live-match-info\">\n<li class=\"live-match-info-item\">DATE :<br \/>\n21\/08\/2025<\/li>\n<li class=\"live-match-info-item\">Horaires : 20h00<\/li>\n<li class=\"live-match-info-item\">STADE : <\/li>\n<li class=\"live-match-info-item\">ARBITRE : <\/li>\n<\/ul>\n<p><img decoding=\"async\" class=\"equipe-logo lazy-load align-middle m-b-10\" src=\"https:\/\/www.europesays.com\/fr\/wp-content\/uploads\/2025\/08\/898.png\" alt=\"Strasbourg\"\/><\/p>\n<p>Strasbourg<\/p>\n<p><img decoding=\"async\" class=\"equipe-logo lazy-load align-middle m-b-10\" src=\"https:\/\/www.sport365.fr\/static\/sport\/bddimages\/wp-content\/themes\/core\/assets\/images\/default_equipe_avatar.svg\" alt=\"Br\u00f8ndby\"\/><\/p>\n<p>Br\u00f8ndby<\/p>\n<p>COUPE DU MONDE<br \/>\n2018<\/p>\n<p><img decoding=\"async\" class=\"equipe-logo lazy-load d-inline-block m-r-20\" height=\"25\" src=\"https:\/\/www.europesays.com\/fr\/wp-content\/uploads\/2025\/08\/898.png\" alt=\"Strasbourg\"\/> Strasbourg<\/p>\n<p>\n0-0<\/p>\n<p>Br\u00f8ndby <img decoding=\"async\" class=\"equipe-logo lazy-load d-inline-block m-l-20\" height=\"25\" src=\"https:\/\/www.sport365.fr\/static\/sport\/bddimages\/wp-content\/themes\/core\/assets\/images\/default_equipe_avatar.svg\" alt=\"Br\u00f8ndby\"\/><\/p>\n<p>\n\u2019<\/p>\n<p>Composition<\/p>\n<p><img decoding=\"async\" class=\"equipe-logo lazy-load align-middle m-b-10\" src=\"https:\/\/www.europesays.com\/fr\/wp-content\/uploads\/2025\/08\/898.png\" alt=\"Strasbourg\"\/><\/p>\n<p>\nFormation<\/p>\n<p>\nFormation<\/p>\n<p><img decoding=\"async\" class=\"equipe-logo lazy-load align-middle m-b-10\" src=\"https:\/\/www.sport365.fr\/static\/sport\/bddimages\/wp-content\/themes\/core\/assets\/images\/default_equipe_avatar.svg\" alt=\"Br\u00f8ndby\"\/><\/p>\n<ul class=\"list-unstyled live-match-effectifs-info\">\n<li>\n<p>\nFORMATION<\/p>\n<\/li>\n<li>\n<p>\nENTRAINEUR<\/p>\n<\/li>\n<li>\n<p>\nEFFECTIFS<\/p>\n<\/li>\n<li>\n<p>\nRempla\u00e7ants<\/p>\n<\/li>\n<\/ul>\n<ul class=\"list-unstyled live-match-effectifs-info\">\n<li>\n<p>\nFORMATION<\/p>\n<\/li>\n<li>\n<p>\nENTRAINEUR<\/p>\n<\/li>\n<li>\n<p>\nEFFECTIFS<\/p>\n<\/li>\n<li>\n<p>\nRempla\u00e7ants<\/p>\n<\/li>\n<\/ul>\n<p>Pour cette rencontre aller \u00e0 la Meinau, le club alsacien part<br \/>\ndans la peau du favori. Liam Rosenior devra se passer des services<br \/>\nde Dou\u00e9, Moreira, Amougou et H\u00f8gsberg, \u00e0 l\u2019infirmerie. Dans le camp<br \/>\nadverse, on devrait retrouver plusieurs anciens joueurs de Ligue 1,<br \/>\ntel que Wass.<\/p>\n<p>Strasbourg-Br\u00f8ndby, les compos probables<\/p>\n<p class=\"par1\"><b>Strasbourg :\u00a0<\/b>Penders \u2013 Omobamidele,<br \/>\nSarr, Doukour\u00e9 \u2013 Bakwa, Oyedele, Lemarechal, Samuels-Smith \u2013 Nanasi<br \/>\n\u2013 Emegha, Mara.<\/p>\n<p class=\"par1\"><b>Br\u00f8ndby :\u00a0<\/b>Pentz \u2013 Klaiber, Lauritsen,<br \/>\nBinks \u2013 Divkovic, Wass, Tahirovic, K\u00f6hlert \u2013 Nartey, Bundgaard,<br \/>\nVallys.<\/p>\n<p>Strasbourg-Br\u00f8ndby, sur quelle cha\u00eene voir le match ?<\/p>\n<p class=\"Article__chapo\">Le match aller du barrage d\u2019accession \u00e0<br \/>\n<a href=\"https:\/\/www.football.fr\/conference-league\" rel=\"nofollow noopener\" target=\"_blank\"><strong>la<br \/>\nLigue Conf\u00e9rence<\/strong><\/a> entre Strasbourg et Br\u00f6ndby se<br \/>\nd\u00e9roulera ce jeudi, \u00e0 20h. Il sera diffus\u00e9 en clair sur BFM Alsace<br \/>\net les cha\u00eenes Twitch et YouTube de RMC Sport.<\/p>\n","protected":false},"excerpt":{"rendered":"Ce jeudi, Strasbourg accueille Br\u00f8ndby \u00e0 l&rsquo;occasion du barrage d&rsquo;accession \u00e0 la Ligue Conf\u00e9rence. Un match \u00e0 suivre&hellip;\n","protected":false},"author":2,"featured_media":333782,"comment_status":"","ping_status":"","sticky":false,"template":"","format":"standard","meta":{"footnotes":""},"categories":[2820],"tags":[1111,11,1777,674,1011,27,775,12,25,640],"class_list":{"0":"post-333781","1":"post","2":"type-post","3":"status-publish","4":"format-standard","5":"has-post-thumbnail","7":"category-strasbourg","8":"tag-actu","9":"tag-actualites","10":"tag-eu","11":"tag-europe","12":"tag-fr","13":"tag-france","14":"tag-grand-est","15":"tag-news","16":"tag-republique-francaise","17":"tag-strasbourg"},"share_on_mastodon":{"url":"https:\/\/pubeurope.com\/@fr\/115066532034002887","error":""},"_links":{"self":[{"href":"https:\/\/www.europesays.com\/fr\/wp-json\/wp\/v2\/posts\/333781","targetHints":{"allow":["GET"]}}],"collection":[{"href":"https:\/\/www.europesays.com\/fr\/wp-json\/wp\/v2\/posts"}],"about":[{"href":"https:\/\/www.europesays.com\/fr\/wp-json\/wp\/v2\/types\/post"}],"author":[{"embeddable":true,"href":"https:\/\/www.europesays.com\/fr\/wp-json\/wp\/v2\/users\/2"}],"replies":[{"embeddable":true,"href":"https:\/\/www.europesays.com\/fr\/wp-json\/wp\/v2\/comments?post=333781"}],"version-history":[{"count":0,"href":"https:\/\/www.europesays.com\/fr\/wp-json\/wp\/v2\/posts\/333781\/revisions"}],"wp:featuredmedia":[{"embeddable":true,"href":"https:\/\/www.europesays.com\/fr\/wp-json\/wp\/v2\/media\/333782"}],"wp:attachment":[{"href":"https:\/\/www.europesays.com\/fr\/wp-json\/wp\/v2\/media?parent=333781"}],"wp:term":[{"taxonomy":"category","embeddable":true,"href":"https:\/\/www.europesays.com\/fr\/wp-json\/wp\/v2\/categories?post=333781"},{"taxonomy":"post_tag","embeddable":true,"href":"https:\/\/www.europesays.com\/fr\/wp-json\/wp\/v2\/tags?post=333781"}],"curies":[{"name":"wp","href":"https:\/\/api.w.org\/{rel}","templated":true}]}}