{"id":333793,"date":"2025-08-21T11:42:12","date_gmt":"2025-08-21T11:42:12","guid":{"rendered":"https:\/\/www.europesays.com\/fr\/333793\/"},"modified":"2025-08-21T11:42:12","modified_gmt":"2025-08-21T11:42:12","slug":"lallemand-evotec-cede-son-usine-toulousaine-au-suisse-sandoz","status":"publish","type":"post","link":"https:\/\/www.europesays.com\/fr\/333793\/","title":{"rendered":"l&rsquo;allemand Evotec c\u00e8de son usine toulousaine au suisse Sandoz"},"content":{"rendered":"<p>L&rsquo;usine toulousaine de biom\u00e9dicaments sera rest\u00e9e moins d&rsquo;un an en activit\u00e9\u00a0dans le giron de l&rsquo;allemand Evotec. Annonc\u00e9e en grande pompe en 2021 avec la promesse de cr\u00e9ation de 200\u00a0emplois et un investissement de 150\u00a0millions d&rsquo;euros avant d&rsquo;\u00eatre inaugur\u00e9e en septembre 2024, le site est sur le point d&rsquo;\u00eatre c\u00e9d\u00e9 \u00e0 Sandoz. Le groupe suisse a sign\u00e9 \u00e0 la fin juillet un protocole d&rsquo;accord avec Evotec en vue de lui vendre la fabrique pour un montant d&rsquo;environ 257,5\u00a0millions d&rsquo;euros.<\/p>\n<p>Pour son installation, Evotec avait b\u00e9n\u00e9fici\u00e9 du soutien de l&rsquo;\u00c9tat \u00e0 hauteur de 43\u00a0millions d&rsquo;euros, d&rsquo;une enveloppe de 6\u00a0millions d&rsquo;euros de la r\u00e9gion Occitanie, ainsi que d&rsquo;un pr\u00eat de la <a href=\"https:\/\/www.usinenouvelle.com\/banque-europeenne-d-investissement-bei\/\" target=\"_blank\" rel=\"nofollow noopener\">Banque europ\u00e9enne d&rsquo;investissement<\/a> (BEI), \u00e0 hauteur de 150\u00a0millions d&rsquo;euros.<\/p>\n<p>\u00ab\u00a0Une fois l&rsquo;op\u00e9ration men\u00e9e \u00e0 bien, le site de Toulouse serait utilis\u00e9 pour d\u00e9velopper et fabriquer les biosimilaires [m\u00e9dicaments biologiques]\u00a0de Sandoz. La plateforme technologique enti\u00e8rement automatis\u00e9e et \u00e0 haut d\u00e9bit nous aidera \u00e0 aller plus vite, \u00e0 \u00e9voluer de mani\u00e8re plus intelligente et \u00e0 maintenir un niveau de qualit\u00e9 \u00e9lev\u00e9, tout en ma\u00eetrisant les co\u00fbts\u00a0\u00bb, a fait savoir le PDG de Sandoz, Richard Saynor.<\/p>\n<p><a href=\"https:\/\/toulouse.latribune.fr\/entreprises\/soutien-et-financement\/2021-04-20\/biomedicament-evotec-investit-150-millions-d-euros-a-toulouse-pour-un-site-de-production-882816.html\" rel=\"nofollow noopener\" target=\"_blank\">Biom\u00e9dicament : Evotec investit 150 millions d&rsquo;euros \u00e0 Toulouse pour un site de production<\/a><\/p>\n<p> Une centaine de salari\u00e9s <\/p>\n<p>Implant\u00e9 au c\u0153ur du campus de la sant\u00e9 du futur, autour de l&rsquo;Oncopole de Toulouse, le site s&rsquo;\u00e9tend sur 15\u00a0000\u00a0m\u00e8tres carr\u00e9s et compte une centaine d&#8217;employ\u00e9s. Sandoz pr\u00e9cise qu&rsquo;\u00ab\u00a0une fois la transaction propos\u00e9e finalis\u00e9e, les salari\u00e9s de Just-Evotec Biologics seraient transf\u00e9r\u00e9s avec l&rsquo;entit\u00e9 acquise et rejoindraient le groupe\u00a0\u00bb.<\/p>\n<p>Pour le mastodonte suisse de 20\u00a0000\u00a0salari\u00e9s et 8,6\u00a0milliards\u00a0d&rsquo;euros de chiffre d&rsquo;affaires, la transaction lui permet \u00ab\u00a0de tirer parti du march\u00e9 des biosimilaires, dont la valeur devrait atteindre 300\u00a0milliards de dollars US [257,5\u00a0milliards d&rsquo;euros] au cours des dix prochaines ann\u00e9es\u00a0\u00bb. \u00c0 ne pas confondre avec les m\u00e9dicaments g\u00e9n\u00e9riques, les biosimilaires sont fabriqu\u00e9s \u00e0 partir de mati\u00e8res premi\u00e8res et de proc\u00e9d\u00e9s de production diff\u00e9rents du m\u00e9dicament de r\u00e9f\u00e9rence. Ce qui s&rsquo;explique par le fait que les m\u00e9dicaments biologiques sont fabriqu\u00e9s \u00e0 partir de cellules vivantes, plut\u00f4t qu&rsquo;avec des produits chimiques.<\/p>\n<p>Evotec et Sandoz avaient lanc\u00e9 un partenariat strat\u00e9gique d\u00e8s 2023 pour ce type de m\u00e9dicaments. De son c\u00f4t\u00e9, l&rsquo;industriel allemand avait annonc\u00e9 il y a un an un plan social touchant ses sites dans le monde entier, face \u00e0 la contraction des investissements dans les biotechnologies. Le groupe souhaite d\u00e9sormais se concentrer sur son activit\u00e9 historique\u00a0dans l&rsquo;industrie pharmaceutique.<\/p>\n<p><a href=\"https:\/\/toulouse.latribune.fr\/entreprises\/social\/2024-08-29\/pharmaceutique-evotec-va-supprimer-plusieurs-dizaines-de-postes-a-toulouse-1005118.html\" rel=\"nofollow noopener\" target=\"_blank\">Pharmaceutique : Evotec va supprimer plusieurs dizaines de postes \u00e0 Toulouse<\/a><\/p>\n<p>                    <img decoding=\"async\" src=\"https:\/\/www.europesays.com\/fr\/wp-content\/uploads\/2025\/04\/florine-galeron.jpg\" data-id=\"2257479\" class=\"author-pic\" alt=\"Florine Gal\u00e9ron\"\/><\/p>\n","protected":false},"excerpt":{"rendered":"L&rsquo;usine toulousaine de biom\u00e9dicaments sera rest\u00e9e moins d&rsquo;un an en activit\u00e9\u00a0dans le giron de l&rsquo;allemand Evotec. Annonc\u00e9e en&hellip;\n","protected":false},"author":2,"featured_media":333794,"comment_status":"","ping_status":"","sticky":false,"template":"","format":"standard","meta":{"footnotes":""},"categories":[2816],"tags":[1111,11,1777,674,1011,27,12,2680,25,2312],"class_list":{"0":"post-333793","1":"post","2":"type-post","3":"status-publish","4":"format-standard","5":"has-post-thumbnail","7":"category-toulouse","8":"tag-actu","9":"tag-actualites","10":"tag-eu","11":"tag-europe","12":"tag-fr","13":"tag-france","14":"tag-news","15":"tag-occitanie","16":"tag-republique-francaise","17":"tag-toulouse"},"share_on_mastodon":{"url":"https:\/\/pubeurope.com\/@fr\/115066578196435116","error":""},"_links":{"self":[{"href":"https:\/\/www.europesays.com\/fr\/wp-json\/wp\/v2\/posts\/333793","targetHints":{"allow":["GET"]}}],"collection":[{"href":"https:\/\/www.europesays.com\/fr\/wp-json\/wp\/v2\/posts"}],"about":[{"href":"https:\/\/www.europesays.com\/fr\/wp-json\/wp\/v2\/types\/post"}],"author":[{"embeddable":true,"href":"https:\/\/www.europesays.com\/fr\/wp-json\/wp\/v2\/users\/2"}],"replies":[{"embeddable":true,"href":"https:\/\/www.europesays.com\/fr\/wp-json\/wp\/v2\/comments?post=333793"}],"version-history":[{"count":0,"href":"https:\/\/www.europesays.com\/fr\/wp-json\/wp\/v2\/posts\/333793\/revisions"}],"wp:featuredmedia":[{"embeddable":true,"href":"https:\/\/www.europesays.com\/fr\/wp-json\/wp\/v2\/media\/333794"}],"wp:attachment":[{"href":"https:\/\/www.europesays.com\/fr\/wp-json\/wp\/v2\/media?parent=333793"}],"wp:term":[{"taxonomy":"category","embeddable":true,"href":"https:\/\/www.europesays.com\/fr\/wp-json\/wp\/v2\/categories?post=333793"},{"taxonomy":"post_tag","embeddable":true,"href":"https:\/\/www.europesays.com\/fr\/wp-json\/wp\/v2\/tags?post=333793"}],"curies":[{"name":"wp","href":"https:\/\/api.w.org\/{rel}","templated":true}]}}