{"id":333795,"date":"2025-08-21T11:43:11","date_gmt":"2025-08-21T11:43:11","guid":{"rendered":"https:\/\/www.europesays.com\/fr\/333795\/"},"modified":"2025-08-21T11:43:11","modified_gmt":"2025-08-21T11:43:11","slug":"rc-vannes-toulouse-deux-recrues-dans-le-xv-bouthier-sur-le-banc-ruru-et-vunipola-absents-la-composition-du-rcv","status":"publish","type":"post","link":"https:\/\/www.europesays.com\/fr\/333795\/","title":{"rendered":"RC Vannes &#8211; Toulouse\u00a0: deux recrues dans le XV, Bouthier sur le banc, Ruru et Vunipola absents, la composition du RCV"},"content":{"rendered":"<p>Amical. RC Vannes (Pro D2) &#8211; Toulouse (Top 14), ce jeudi (19 h) au Roudourou<\/p>\n<p>Le <a href=\"https:\/\/www.letelegramme.fr\/sports\/rugby\/rc-vannes\/\" target=\"_blank\" rel=\"nofollow noopener\">RC Vannes<\/a> vient de d\u00e9voiler sa premi\u00e8re composition d\u2019\u00e9quipe de la saison pour son seul match amical, disput\u00e9 ce jeudi (19 h), <a href=\"https:\/\/www.letelegramme.fr\/sports\/rugby\/rc-vannes\/ou-suivre-le-match-de-presaison-entre-le-rc-vannes-et-le-stade-toulousain-6874104.php\" target=\"_blank\" rel=\"nofollow noopener\">contre le Stade Toulousain<\/a>, \u00e0 Guingamp. Le club morbihannais, qui \u00e9voluera en Pro D2 la saison prochaine, a align\u00e9 deux recrues dans son XV de d\u00e9part : le talonneur international \u00e9cossais Dave Cherry et le demi de m\u00eal\u00e9e international g\u00e9orgien Mikheil Alania. Michael Ruru est lui absent de la feuille de match. Tout comme Mako Vunipola. Hugo Djehi d\u00e9butera donc au poste de pilier gauche.<\/p>\n<p>Le capitaine Francisco Gorrissen, le num\u00e9ro huit Sione Kalamafoni, l\u2019ouvreur Maxime Lafage ou encore le centre Francis Saili sont en revanche titulaires. Tout comme Paul Surano \u00e0 l\u2019arri\u00e8re.<\/p>\n<p>Anthony Bouthier, Fabrice Metz ou encore Joe Edwards font partie des 21 joueurs \u00e0 d\u00e9buter sur le banc.<\/p>\n<p>La composition du RC Vannes<\/p>\n<p>15. Surano &#8211; 14. Camou, 13. Boudehent, 12. Saili, 11. Benmegal &#8211; 10. Lafage, 9. Alania &#8211; Gorrissen (cap.), 8. Kalamafoni, 6. L. Boulier &#8211; 5. Desjeux, 4. Marks &#8211; 3. Medrano, 2. Cherry, Djehi.<\/p>\n<p>Rempla\u00e7ants : Berguet, de Benedittis, B\u00e9ziat, Blanchard, Tafili, Duch\u00eane, M\u00e9zou, Geffr\u00e9, Metz, Edwards, Paul, Augry, Kamikamica, Deba\u00ebs, Valentin, Arrate, M. Boulier, Roudil, Duplenne, Bouthier, Cotarmanac\u2019h.<\/p>\n","protected":false},"excerpt":{"rendered":"Amical. RC Vannes (Pro D2) &#8211; Toulouse (Top 14), ce jeudi (19 h) au Roudourou Le RC Vannes&hellip;\n","protected":false},"author":2,"featured_media":333796,"comment_status":"","ping_status":"","sticky":false,"template":"","format":"standard","meta":{"footnotes":""},"categories":[2816],"tags":[1111,11,765,3166,1777,674,1011,27,4044,12,2680,3164,3167,25,479,60,2312,3165],"class_list":{"0":"post-333795","1":"post","2":"type-post","3":"status-publish","4":"format-standard","5":"has-post-thumbnail","7":"category-toulouse","8":"tag-actu","9":"tag-actualites","10":"tag-en-continu","11":"tag-en-continu-sports","12":"tag-eu","13":"tag-europe","14":"tag-fr","15":"tag-france","16":"tag-guingamp","17":"tag-news","18":"tag-occitanie","19":"tag-rc-vannes","20":"tag-rcv","21":"tag-republique-francaise","22":"tag-rugby","23":"tag-sports","24":"tag-toulouse","25":"tag-vannes"},"share_on_mastodon":{"url":"https:\/\/pubeurope.com\/@fr\/115066582064825643","error":""},"_links":{"self":[{"href":"https:\/\/www.europesays.com\/fr\/wp-json\/wp\/v2\/posts\/333795","targetHints":{"allow":["GET"]}}],"collection":[{"href":"https:\/\/www.europesays.com\/fr\/wp-json\/wp\/v2\/posts"}],"about":[{"href":"https:\/\/www.europesays.com\/fr\/wp-json\/wp\/v2\/types\/post"}],"author":[{"embeddable":true,"href":"https:\/\/www.europesays.com\/fr\/wp-json\/wp\/v2\/users\/2"}],"replies":[{"embeddable":true,"href":"https:\/\/www.europesays.com\/fr\/wp-json\/wp\/v2\/comments?post=333795"}],"version-history":[{"count":0,"href":"https:\/\/www.europesays.com\/fr\/wp-json\/wp\/v2\/posts\/333795\/revisions"}],"wp:featuredmedia":[{"embeddable":true,"href":"https:\/\/www.europesays.com\/fr\/wp-json\/wp\/v2\/media\/333796"}],"wp:attachment":[{"href":"https:\/\/www.europesays.com\/fr\/wp-json\/wp\/v2\/media?parent=333795"}],"wp:term":[{"taxonomy":"category","embeddable":true,"href":"https:\/\/www.europesays.com\/fr\/wp-json\/wp\/v2\/categories?post=333795"},{"taxonomy":"post_tag","embeddable":true,"href":"https:\/\/www.europesays.com\/fr\/wp-json\/wp\/v2\/tags?post=333795"}],"curies":[{"name":"wp","href":"https:\/\/api.w.org\/{rel}","templated":true}]}}