{"id":333801,"date":"2025-08-21T11:47:17","date_gmt":"2025-08-21T11:47:17","guid":{"rendered":"https:\/\/www.europesays.com\/fr\/333801\/"},"modified":"2025-08-21T11:47:17","modified_gmt":"2025-08-21T11:47:17","slug":"je-raconte-ce-qui-est-preoccupant","status":"publish","type":"post","link":"https:\/\/www.europesays.com\/fr\/333801\/","title":{"rendered":"\u00ab Je raconte ce qui est pr\u00e9occupant \u00bb"},"content":{"rendered":"\n<p><b>La Marseillaise<\/b><b>\u00a0<\/b><b>:<\/b> <b>Pr\u00e9sentez-nous les grandes lignes de votre prochain film&#8230;<\/b><\/p>\n<p>Robert Gu\u00e9diguian\u00a0: Comme toujours, je cherche \u00e0 raconter ce qui est le plus pr\u00e9occupant aujourd\u2019hui. Et ce qui nous pr\u00e9occupe aujourd\u2019hui, ce sont souvent des questions ignor\u00e9es ou minor\u00e9es en tout cas. Pendant deux g\u00e9n\u00e9rations, on ne s\u2019est pas trop occup\u00e9 d\u2019identit\u00e9, d\u2019ethnie, de f\u00e9minisme, de violences sexuelles. C\u2019\u00e9taient des questions qui existaient, certains y travaillaient \u00e9videmment, mais \u00e7a apparaissait tr\u00e8s secondaire quelque part dans le d\u00e9bat public. Par exemple, en politique, dans la prise en compte de ces questions dans les programmes, on en parlait tr\u00e8s peu. Bien s\u00fbr, les uns et les autres avaient des propositions plus ou moins f\u00e9ministes, plus ou moins anticoloniales, plus ou moins antiracistes. Cela existait, bien entendu. Mais on ne mesurait pas \u00e0 quel point ces questions demeuraient capitales, et pas secondaires du tout. Et aujourd\u2019hui, on se prend une explosion suite \u00e0 plusieurs dizaines d\u2019ann\u00e9es de sous-estimation de ces questions.<\/p>\n<p><b>Vous dites, dans le synopsis, que les questions d\u2019origine, de religion, de genre ou de couleur de peau semblaient d\u00e9pass\u00e9es mais qu\u2019on s\u2019aper\u00e7oit que nous avions tort&#8230;<\/b><\/p>\n<p>R.G\u00a0: C\u2019est-\u00e0-dire qu\u2019il faut prendre ces questions \u00e0 bras-le-corps. Ce sont des questions auxquelles il faut apporter des r\u00e9ponses, qui peuvent \u00eatre d\u2019ordre institutionnel, politique, soci\u00e9tal&#8230; Mais il faut les traiter car elles d\u00e9terminent la vie des gens autant que leurs conditions mat\u00e9rielles d\u2019existence, \u00e0 mon sens. On s\u2019est peut-\u00eatre trop pr\u00e9occup\u00e9 des questions mat\u00e9rielles, je pense. La vie ce n\u2019est pas qu\u2019avoir le Smic qui augmente&#8230; C\u2019est \u00e9videmment tr\u00e8s important mais la vie n\u2019est pas que mat\u00e9rielle. D\u2019un point de vue anthropologique, elle est aussi spirituelle. Et dans le spirituel, il y a les m\u0153urs, les rapports hommes-femmes, les rapports amoureux, les questions de genre&#8230; Ces questions d\u00e9veloppent des clivages assez fous dans les pays occidentaux. Trump a \u00e9t\u00e9 \u00e9lu sur une base \u00ab\u00a0anti-changement civilisationnel\u00a0\u00bb. Je ne dis pas \u00ab\u00a0anti-progr\u00e8s\u00a0\u00bb<\/p>\n<p><b>Vous partez quand m\u00eame d\u2019une femme qui se pense \u00ab<\/b><b>\u00a0<\/b><b>\u00e9mancip\u00e9e<\/b><b>\u00a0<\/b><b>\u00bb mais qui change suite une agression<\/b><b>\u00a0<\/b><b>?<\/b><\/p>\n<p>R.G\u00a0: Le film essaie de parler de toutes ces questions \u00e9voqu\u00e9es pr\u00e9c\u00e9demment. Mais comment le faire\u00a0? C\u2019est toujours la probl\u00e9matique\u00a0: Parler du monde contemporain dans un film de fiction. Th\u00e9oriquement, je pourrais \u00e9crire un texte, faire une conf\u00e9rence et avoir un discours rationnel sur ces sujets, sur la forme des luttes aujourd\u2019hui. Mais dans un film, il faut que cela s\u2019incarne dans des actions, des \u00e9v\u00e9nements. Donc je pars d\u2019une femme qui pense que tout va bien. Elle gagne bien sa vie, elle est heureuse et \u00e9mancip\u00e9e, y compris sexuellement. Elle a une tr\u00e8s bonne situation mais elle vient d\u2019un milieu populaire. Cette situation g\u00e9n\u00e8re quelques frictions avec sa famille\u00a0: les parents sont modestes et habitent dans une cit\u00e9, alors qu\u2019elle habite dans une villa au Roy d\u2019Espagne. Elle est le st\u00e9r\u00e9otype de la r\u00e9ussite. On ne pr\u00e9cise pas sa profession dans le d\u00e9tail mais on suppose qu\u2019elle est dans les fusions-acquisitions, des actions de boursicotage. C\u2019est li\u00e9 au capitalisme financier&#8230; Assez vite, elle est agress\u00e9e sexuellement. \u00c9videmment, cela l\u2019atteint physiquement et psychologiquement. \u00c0 tel point que cela va remettre peu \u00e0 peu en cause son rapport au monde. Et pour faire de la fiction, elle va avoir un accident, par hasard, devant un foyer de jeunes mineures enceintes&#8230; On passe donc des bureaux de la tour Nouvel \u00e0 une maison qui accueille des filles mineures de toutes origines. C\u2019est l\u00e0 qu\u2019elle va rencontrer d\u2019autres mondes, d\u2019autres univers, d\u2019autres pauvret\u00e9s, d\u2019autres rapports sexuels. Il y a aussi le d\u00e9c\u00e8s d\u2019un oncle qui implique des r\u00e9v\u00e9lations familiales, puisque la m\u00e8re de notre personnage est n\u00e9e en Alg\u00e9rie. Elle d\u00e9couvre des choses difficiles sur ce qui s\u2019est pass\u00e9 l\u00e0-bas. \u00c0 travers tout cela, on parle d\u2019immigration, de mineures enceintes, on parle de notre rapport aux colonies&#8230; Ce n\u2019est pas un film sociologique mais on fait attention \u00e0 ne pas \u00eatre en contradiction avec le r\u00e9el.<\/p>\n<p><b>Votre traitement de ces questions est en lien avec la mont\u00e9e d\u2019une internationale d\u2019extr\u00eame droite dans le monde<\/b><b>\u00a0<\/b><b>?<\/b><\/p>\n<p>R.G\u00a0: Par capillarit\u00e9 oui. Shakespeare disait que les auteurs sont des \u00e9ponges de leur \u00e9poque. Je suis surinform\u00e9, j\u2019ai toujours aim\u00e9 me pr\u00e9occuper des autres, de ma rue ou du monde entier. Ce qui se passe en Ukraine, \u00e0 Gaza, au Soudan ou au Congo m\u2019int\u00e9resse. Quand j\u2019\u00e9cris, j\u2019\u00e9cris forc\u00e9ment avec tout \u00e7a. C\u2019est de mani\u00e8re naturelle, je ne fais pas \u00e7a pour \u00e7a. Dans ce monde de confusion, avec Trump, Meloni, Erdogan, Orban, des figures \u00e9mergent et ressemblent \u00e0 des dictateurs \u00e9lus. \u00c9videmment, cela me pr\u00e9occupe. Et \u00e7a nous pend au nez ici en France.<\/p>\n<p><b>Dites-nous en plus sur le casting, le tournage \u00e0 venir&#8230;<\/b><\/p>\n<p>R.G\u00a0: Il y a un petit d\u00e9centrement. Le film s\u2019appelle Une femme aujourd\u2019hui. Pour rire, en g\u00e9n\u00e9ral, j\u2019ajoute\u00a0: \u00ab\u00a0Et ce n\u2019est pas Ariane Ascaride\u00a0\u00bb. Elle joue la m\u00e8re, G\u00e9rard Meylan le p\u00e8re, Jean-Pierre Darroussin joue le voisin, les fr\u00e8res sont Robinson St\u00e9venin et Adrien Jolivet. Il y a aussi G\u00e9raldine Loup et Sophie Payan. Il y a tout le monde, ou presque. Et le personnage principal est Marilou Aussilloux, de La Pie voleuse.<\/p>\n<p><b>Depuis \u00ab<\/b><b>\u00a0<\/b><b>Twist \u00e0 Bamako<\/b><b>\u00a0<\/b><b>\u00bb, vous \u00eates revenu \u00e0 Marseille, c\u2019est un retour aux sources naturel<\/b><b>\u00a0<\/b><b>?<\/b><\/p>\n<p>R.G\u00a0: Je tourne des histoires \u00e0 Marseille et pas sur Marseille. Pour moi, Marseille est une forme, c\u2019est mon th\u00e9\u00e2tre. On tourne rarement dans les m\u00eames quartiers, sauf \u00e0 l\u2019Estaque. Mais l\u00e0, on n\u2019est pas dans un conte comme d\u2019habitude. On est dans un film beaucoup plus dur, plus \u00ab\u00a0r\u00e9aliste\u00a0\u00bb. Et ce type de r\u00e9cits, je peux les tourner o\u00f9 je veux. Et o\u00f9 je veux, \u00e7a peut \u00eatre ici. Je me dis que toutes les histoires du monde peuvent se passer n\u2019importe o\u00f9, y compris \u00e0 Marseille. Je n\u2019ai pas un regard sur la ville mais sur le r\u00e9cit. Toutes les histoires que je raconte peuvent se tenir ailleurs. Elles tiennent debout sans Marseille. Mais le film n\u2019aura pas la m\u00eame couleur, pas la m\u00eame lumi\u00e8re, pas les m\u00eames mati\u00e8res. La forme change, mais le contenu reste. C\u2019est mon regard sur le monde en g\u00e9n\u00e9ral qui compte, pas sur Marseille. Et l\u00e0, c\u2019est les questions qui pr\u00e9occupent l\u2019occident dont je veux parler. Je pourrais en parler depuis Hambourg, Barcelone ou Liverpool.<\/p>\n","protected":false},"excerpt":{"rendered":"La Marseillaise\u00a0: Pr\u00e9sentez-nous les grandes lignes de votre prochain film&#8230; Robert Gu\u00e9diguian\u00a0: Comme toujours, je cherche \u00e0 raconter&hellip;\n","protected":false},"author":2,"featured_media":333802,"comment_status":"","ping_status":"","sticky":false,"template":"","format":"standard","meta":{"footnotes":""},"categories":[2814],"tags":[1111,11,1777,674,1011,27,884,12,882,25,47103],"class_list":{"0":"post-333801","1":"post","2":"type-post","3":"status-publish","4":"format-standard","5":"has-post-thumbnail","7":"category-marseille","8":"tag-actu","9":"tag-actualites","10":"tag-eu","11":"tag-europe","12":"tag-fr","13":"tag-france","14":"tag-marseille","15":"tag-news","16":"tag-provence-alpes-cote-dazur","17":"tag-republique-francaise","18":"tag-robert-guediguian"},"share_on_mastodon":{"url":"https:\/\/pubeurope.com\/@fr\/115066597879984085","error":""},"_links":{"self":[{"href":"https:\/\/www.europesays.com\/fr\/wp-json\/wp\/v2\/posts\/333801","targetHints":{"allow":["GET"]}}],"collection":[{"href":"https:\/\/www.europesays.com\/fr\/wp-json\/wp\/v2\/posts"}],"about":[{"href":"https:\/\/www.europesays.com\/fr\/wp-json\/wp\/v2\/types\/post"}],"author":[{"embeddable":true,"href":"https:\/\/www.europesays.com\/fr\/wp-json\/wp\/v2\/users\/2"}],"replies":[{"embeddable":true,"href":"https:\/\/www.europesays.com\/fr\/wp-json\/wp\/v2\/comments?post=333801"}],"version-history":[{"count":0,"href":"https:\/\/www.europesays.com\/fr\/wp-json\/wp\/v2\/posts\/333801\/revisions"}],"wp:featuredmedia":[{"embeddable":true,"href":"https:\/\/www.europesays.com\/fr\/wp-json\/wp\/v2\/media\/333802"}],"wp:attachment":[{"href":"https:\/\/www.europesays.com\/fr\/wp-json\/wp\/v2\/media?parent=333801"}],"wp:term":[{"taxonomy":"category","embeddable":true,"href":"https:\/\/www.europesays.com\/fr\/wp-json\/wp\/v2\/categories?post=333801"},{"taxonomy":"post_tag","embeddable":true,"href":"https:\/\/www.europesays.com\/fr\/wp-json\/wp\/v2\/tags?post=333801"}],"curies":[{"name":"wp","href":"https:\/\/api.w.org\/{rel}","templated":true}]}}