{"id":333803,"date":"2025-08-21T11:48:11","date_gmt":"2025-08-21T11:48:11","guid":{"rendered":"https:\/\/www.europesays.com\/fr\/333803\/"},"modified":"2025-08-21T11:48:11","modified_gmt":"2025-08-21T11:48:11","slug":"a-marseille-loeuvre-de-banksy-a-nouveau-ciblee-par-les-artistes-de-rue","status":"publish","type":"post","link":"https:\/\/www.europesays.com\/fr\/333803\/","title":{"rendered":"\u00c0 Marseille, l&rsquo;\u0153uvre de Banksy \u00e0 nouveau cibl\u00e9e par les artistes de rue"},"content":{"rendered":"<p>Un nouveau tag a \u00e9t\u00e9 d\u00e9couvert \u00e0 proximit\u00e9 de l&rsquo;\u0153uvre de l&rsquo;artiste de rue Banksy, dans le 7\u00e8 arrondissement de Marseille. Cette fois-ci, il s&rsquo;agit d&rsquo;un dessin au message quelque peu \u00e9nigmatique.<\/p>\n<p>Apr\u00e8s l&rsquo;humour graveleux, voici la pique artistique. Le tag de l&rsquo;artiste britannique Banksy\u00a0<a class=\"IciLink ici-link IciArticleLink g-ici-body-regular-1 underline brand svelte-lu7k6w\" href=\"https:\/\/www.francebleu.fr\/infos\/culture-loisirs\/une-oeuvre-du-street-artist-banksy-decouverte-a-marseille-tout-pres-de-la-plage-des-catalans-6003452\" rel=\"nofollow noopener\" target=\"_blank\">r\u00e9alis\u00e9 fin mai dernier<\/a>\u00a0dans le 7\u00e8 arrondissement, pr\u00e8s de la plage des Catalans, et qui avait \u00e9t\u00e9\u00a0<a class=\"IciLink ici-link IciArticleLink g-ici-body-regular-1 underline brand svelte-lu7k6w\" href=\"https:\/\/www.francebleu.fr\/infos\/culture-loisirs\/l-oeuvre-de-banksy-a-marseille-brievement-degradee-avant-d-etre-remise-en-etat-5664370\" rel=\"nofollow noopener\" target=\"_blank\">d\u00e9grad\u00e9 quelques jours plus tard<\/a>, n&rsquo;en finit pas de faire parler de lui. Alors qu&rsquo;un vernis et une vitre protectrice avaient \u00e9t\u00e9 install\u00e9s par l&rsquo;artiste marseillais\u00a0Richard Campana, c&rsquo;est un autre tag qui est venu se greffer, cette semaine, \u00e0 c\u00f4t\u00e9 de l&rsquo;original.<\/p>\n<p>On y voit un personnage questionner ironiquement cette protection\u00a0: \u00ab\u00a0Moi aussi ils vont me prot\u00e9ger&#8230; Derri\u00e8re une vitre\u00a0?\u00a0\u00bb Une fa\u00e7on <strong>d&rsquo;interroger la place de l&rsquo;art de rue<\/strong> et son \u00e9volution dans le mobilier urbain. Il n&rsquo;avait fallu que quelques heures pour nettoyer le tag original, pour l&rsquo;instant le nouveau dessin semble r\u00e9sister.<\/p>\n","protected":false},"excerpt":{"rendered":"Un nouveau tag a \u00e9t\u00e9 d\u00e9couvert \u00e0 proximit\u00e9 de l&rsquo;\u0153uvre de l&rsquo;artiste de rue Banksy, dans le 7\u00e8&hellip;\n","protected":false},"author":2,"featured_media":333804,"comment_status":"","ping_status":"","sticky":false,"template":"","format":"standard","meta":{"footnotes":""},"categories":[2814],"tags":[1111,11,1777,674,1011,27,884,12,882,25],"class_list":{"0":"post-333803","1":"post","2":"type-post","3":"status-publish","4":"format-standard","5":"has-post-thumbnail","7":"category-marseille","8":"tag-actu","9":"tag-actualites","10":"tag-eu","11":"tag-europe","12":"tag-fr","13":"tag-france","14":"tag-marseille","15":"tag-news","16":"tag-provence-alpes-cote-dazur","17":"tag-republique-francaise"},"share_on_mastodon":{"url":"https:\/\/pubeurope.com\/@fr\/115066602068349415","error":""},"_links":{"self":[{"href":"https:\/\/www.europesays.com\/fr\/wp-json\/wp\/v2\/posts\/333803","targetHints":{"allow":["GET"]}}],"collection":[{"href":"https:\/\/www.europesays.com\/fr\/wp-json\/wp\/v2\/posts"}],"about":[{"href":"https:\/\/www.europesays.com\/fr\/wp-json\/wp\/v2\/types\/post"}],"author":[{"embeddable":true,"href":"https:\/\/www.europesays.com\/fr\/wp-json\/wp\/v2\/users\/2"}],"replies":[{"embeddable":true,"href":"https:\/\/www.europesays.com\/fr\/wp-json\/wp\/v2\/comments?post=333803"}],"version-history":[{"count":0,"href":"https:\/\/www.europesays.com\/fr\/wp-json\/wp\/v2\/posts\/333803\/revisions"}],"wp:featuredmedia":[{"embeddable":true,"href":"https:\/\/www.europesays.com\/fr\/wp-json\/wp\/v2\/media\/333804"}],"wp:attachment":[{"href":"https:\/\/www.europesays.com\/fr\/wp-json\/wp\/v2\/media?parent=333803"}],"wp:term":[{"taxonomy":"category","embeddable":true,"href":"https:\/\/www.europesays.com\/fr\/wp-json\/wp\/v2\/categories?post=333803"},{"taxonomy":"post_tag","embeddable":true,"href":"https:\/\/www.europesays.com\/fr\/wp-json\/wp\/v2\/tags?post=333803"}],"curies":[{"name":"wp","href":"https:\/\/api.w.org\/{rel}","templated":true}]}}