{"id":333805,"date":"2025-08-21T11:49:12","date_gmt":"2025-08-21T11:49:12","guid":{"rendered":"https:\/\/www.europesays.com\/fr\/333805\/"},"modified":"2025-08-21T11:49:12","modified_gmt":"2025-08-21T11:49:12","slug":"le-programme-des-ecologistes-de-lyon-aux-journees-dete","status":"publish","type":"post","link":"https:\/\/www.europesays.com\/fr\/333805\/","title":{"rendered":"le programme des \u00e9cologistes de Lyon aux Journ\u00e9es d&rsquo;\u00e9t\u00e9"},"content":{"rendered":"<p>L&rsquo;\u00e9v\u00e8nement politique sur trois jours se d\u00e9roule au b\u00e2timent le Patio au sein de l&rsquo;Universit\u00e9 de Strasbourg.<\/p>\n<p>Comme chaque ann\u00e9e, plusieurs \u00e9lus de premier plan de Lyon et son agglom\u00e9ration vont participer. Il y a ceux qui fl\u00e2neront dans les all\u00e9es, et ceux qui prendront une part active aux diff\u00e9rents ateliers et conf\u00e9rences programm\u00e9s. Sans oublier le karaok\u00e9 de cl\u00f4ture samedi soir, qui promet une nouvelle s\u00e9quence qui risque de faire le tour des r\u00e9seaux sociaux.<\/p>\n<p><strong>Jeudi<\/strong><\/p>\n<p>Atelier \u00ab\u00a0Du local au national : faire du droit \u00e0 l&rsquo;alimentation une r\u00e9alit\u00e9\u00a0\u00bb avec le d\u00e9put\u00e9 du Rh\u00f4ne <a href=\"https:\/\/www.lyonmag.com\/profil-personnalite-lyonnaise\/740\/boris-tavernier\" target=\"_blank\" rel=\"noopener nofollow\">Boris Tavernier<\/a><\/p>\n<p>Atelier \u00ab\u00a0M\u00e9tropoles et intercommunalit\u00e9s : des actrices de la transition face au d\u00e9fi d\u00e9mocratique\u00a0\u00bb avec le pr\u00e9sident de la M\u00e9tropole de Lyon <a href=\"https:\/\/www.lyonmag.com\/profil-personnalite-lyonnaise\/518\/bruno-bernard\" target=\"_blank\" rel=\"noopener nofollow\">Bruno Bernard<\/a><\/p>\n<p><strong>Vendredi<\/strong><\/p>\n<p>Atelier \u00ab\u00a0Lutter contre les pollutions environnementales : pour de nouvelles alliances avec les travailleurs\u00a0\u00bb avec la vice-pr\u00e9sidente de la M\u00e9tropole charg\u00e9e de l&rsquo;Eau <a href=\"https:\/\/www.lyonmag.com\/profil-personnalite-lyonnaise\/686\/anne-grosperrin\" target=\"_blank\" rel=\"noopener nofollow\">Anne Grosperrin<\/a> et anim\u00e9 par l&rsquo;adjointe au maire de Lyon charg\u00e9e de la Sant\u00e9 <a href=\"https:\/\/www.lyonmag.com\/profil-personnalite-lyonnaise\/580\/celine-de-laurens\" target=\"_blank\" rel=\"noopener nofollow\">C\u00e9line de Laurens<\/a><\/p>\n<p>Atelier \u00ab\u00a0R\u00e9inventer la ville avec et pour les animaux\u00a0\u00bb avec la conseill\u00e8re municipale de V\u00e9nissieux d\u00e9l\u00e9gu\u00e9e \u00e0 la Condition animale Nathalie Dehan<\/p>\n<p>Entretien \u00ab\u00a0Politiser l&rsquo;espoir : militer, convaincre, gagner\u00a0\u00bb avec la d\u00e9put\u00e9e du Rh\u00f4ne <a href=\"https:\/\/www.lyonmag.com\/profil-personnalite-lyonnaise\/708\/marie-charlotte-garin\" target=\"_blank\" rel=\"noopener nofollow\">Marie-Charlotte Garin<\/a><\/p>\n<p>Atelier \u00ab\u00a0Quel avenir pour le service public des arts et de la culture ?\u00a0\u00bb avec la conseill\u00e8re r\u00e9gionale Pascale Bonniel-Chalier<\/p>\n<p>Atelier \u00ab\u00a080 ans de la S\u00e9cu : comment assurer un financement p\u00e9renne ?\u00a0\u00bb avec la s\u00e9natrice du Rh\u00f4ne <a href=\"https:\/\/www.lyonmag.com\/profil-personnalite-lyonnaise\/598\/raymonde-poncet-monge\" target=\"_blank\" rel=\"noopener nofollow\">Raymonde Poncet-Monge<\/a><\/p>\n<p><strong>Samedi<\/strong><\/p>\n<p>Atelier \u00ab\u00a0Budget sous tension, ambitions \u00e9cologistes : comment tenir ?\u00a0\u00bb avec l&rsquo;adjointe au maire de Lyon charg\u00e9e des Finances <a href=\"https:\/\/www.lyonmag.com\/profil-personnalite-lyonnaise\/552\/audrey-henocque\" target=\"_blank\" rel=\"noopener nofollow\">Audrey H\u00e9nocque<\/a><\/p>\n<p>Atelier \u00ab\u00a0Communes contre l&rsquo;extr\u00eame-droite\u00a0\u00bb avec la maire du 7e arrondissement de Lyon <a href=\"https:\/\/www.lyonmag.com\/profil-personnalite-lyonnaise\/544\/fanny-dubot\" target=\"_blank\" rel=\"noopener nofollow\">Fanny Dubot<\/a><\/p>\n<p>Atelier \u00ab\u00a0Energie\/Climat : peut-on vraiment se passer des \u00e9nergies renouvelables?\u00a0\u00bb avec le vice-pr\u00e9sident de la M\u00e9tropole charg\u00e9 de l&rsquo;Energie <a href=\"https:\/\/www.lyonmag.com\/profil-personnalite-lyonnaise\/676\/philippe-guelpa-bonaro\" target=\"_blank\" rel=\"noopener nofollow\">Philippe Guelpa-Bonaro<\/a><\/p>\n<p>Atelier \u00ab\u00a0Priv\u00e9s de voix, priv\u00e9s de droits : vers une parole l\u00e9gitim\u00e9e des enfants\u00a0\u00bb avec la vice-pr\u00e9sidente de la M\u00e9tropole charg\u00e9e de l&rsquo;Enfance <a href=\"https:\/\/www.lyonmag.com\/profil-personnalite-lyonnaise\/569\/lucie-vacher\" target=\"_blank\" rel=\"noopener nofollow\">Lucie Vacher<\/a><\/p>\n<p>Atelier \u00ab\u00a0Education compl\u00e8te \u00e0 la sexualit\u00e9 : levons les tabous ! Perspectives franco-allemandes\u00a0\u00bb avec la d\u00e9put\u00e9e du Rh\u00f4ne Marie-Charlotte Garin<\/p>\n<p>Atelier \u00ab\u00a0Le tourisme \u00e9cologique et social doit-il \u00eatre un tourisme de masse ?\u00a0\u00bb Avec la vice-pr\u00e9sidente de la M\u00e9tropole charg\u00e9e du Tourisme <a href=\"https:\/\/www.lyonmag.com\/profil-personnalite-lyonnaise\/571\/helene-duvivier\" target=\"_blank\" rel=\"noopener nofollow\">H\u00e9l\u00e8ne Duvivier<\/a><\/p>\n<p>Entretien \u00ab\u00a0Embarquer les acteurs \u00e9conomiques contre le carbone, lutter contre les p\u00e9riph\u00e9ries commerciales\u00a0\u00bb avec le maire de Lyon <a href=\"https:\/\/www.lyonmag.com\/profil-personnalite-lyonnaise\/504\/gregory-doucet\" target=\"_blank\" rel=\"noopener nofollow\">Gr\u00e9gory Doucet<\/a><\/p>\n","protected":false},"excerpt":{"rendered":"L&rsquo;\u00e9v\u00e8nement politique sur trois jours se d\u00e9roule au b\u00e2timent le Patio au sein de l&rsquo;Universit\u00e9 de Strasbourg. Comme&hellip;\n","protected":false},"author":2,"featured_media":333806,"comment_status":"","ping_status":"","sticky":false,"template":"","format":"standard","meta":{"footnotes":""},"categories":[1889],"tags":[1111,11,2813,2190,2430,1109,251,1112,2811,1777,674,118,1011,27,1922,1110,1114,2428,2810,12,241,316,25,2812,517,800],"class_list":{"0":"post-333805","1":"post","2":"type-post","3":"status-publish","4":"format-standard","5":"has-post-thumbnail","7":"category-lyon","8":"tag-actu","9":"tag-actualites","10":"tag-article","11":"tag-asvel","12":"tag-auvergne-rhone-alpes","13":"tag-breves","14":"tag-culture","15":"tag-depeches","16":"tag-economique","17":"tag-eu","18":"tag-europe","19":"tag-faits-divers","20":"tag-fr","21":"tag-france","22":"tag-info","23":"tag-informations","24":"tag-infos","25":"tag-lyon","26":"tag-lyonmag","27":"tag-news","28":"tag-ol","29":"tag-politique","30":"tag-republique-francaise","31":"tag-sociale","32":"tag-sport","33":"tag-transports"},"share_on_mastodon":{"url":"https:\/\/pubeurope.com\/@fr\/115066605709625095","error":""},"_links":{"self":[{"href":"https:\/\/www.europesays.com\/fr\/wp-json\/wp\/v2\/posts\/333805","targetHints":{"allow":["GET"]}}],"collection":[{"href":"https:\/\/www.europesays.com\/fr\/wp-json\/wp\/v2\/posts"}],"about":[{"href":"https:\/\/www.europesays.com\/fr\/wp-json\/wp\/v2\/types\/post"}],"author":[{"embeddable":true,"href":"https:\/\/www.europesays.com\/fr\/wp-json\/wp\/v2\/users\/2"}],"replies":[{"embeddable":true,"href":"https:\/\/www.europesays.com\/fr\/wp-json\/wp\/v2\/comments?post=333805"}],"version-history":[{"count":0,"href":"https:\/\/www.europesays.com\/fr\/wp-json\/wp\/v2\/posts\/333805\/revisions"}],"wp:featuredmedia":[{"embeddable":true,"href":"https:\/\/www.europesays.com\/fr\/wp-json\/wp\/v2\/media\/333806"}],"wp:attachment":[{"href":"https:\/\/www.europesays.com\/fr\/wp-json\/wp\/v2\/media?parent=333805"}],"wp:term":[{"taxonomy":"category","embeddable":true,"href":"https:\/\/www.europesays.com\/fr\/wp-json\/wp\/v2\/categories?post=333805"},{"taxonomy":"post_tag","embeddable":true,"href":"https:\/\/www.europesays.com\/fr\/wp-json\/wp\/v2\/tags?post=333805"}],"curies":[{"name":"wp","href":"https:\/\/api.w.org\/{rel}","templated":true}]}}