{"id":333808,"date":"2025-08-21T11:52:11","date_gmt":"2025-08-21T11:52:11","guid":{"rendered":"https:\/\/www.europesays.com\/fr\/333808\/"},"modified":"2025-08-21T11:52:11","modified_gmt":"2025-08-21T11:52:11","slug":"9999-passemant-et-laventure-du-temps","status":"publish","type":"post","link":"https:\/\/www.europesays.com\/fr\/333808\/","title":{"rendered":"9999, Passemant et l&rsquo;aventure du temps"},"content":{"rendered":"<p><strong>Le temps. Le comprendre, le mesurer&#8230; le contr\u00f4ler.<\/strong><\/p>\n<p>Symbole de la qu\u00eate humaine pour comprendre et ma\u00eetriser le temps, la pendule astronomique de Passemant est un chef-d\u2019\u0153uvre du XVIII\u1d49 si\u00e8cle.<br \/>Con\u00e7ue avec une pr\u00e9cision extraordinaire et programm\u00e9e pour fonctionner jusqu\u2019en 9999, la pendule de Louis XV a rythm\u00e9 la vie \u00e0 Versailles et fix\u00e9 l\u2019heure l\u00e9gale en France.\u00a0<\/p>\n<p>En 2022, la premi\u00e8re restauration fondamentale de cette horloge est lanc\u00e9e. Ce chantier de restauration r\u00e9unit le savoir-faire du XVIII\u1d49 si\u00e8cle, les technologies contemporaines et offre une occasion unique de d\u00e9couvrir les myst\u00e8res de cette \u0153uvre exceptionnelle.\u00a0<\/p>\n<p>Ce documentaire accompagne le travail des restaurateurs, historiens de l\u2019art, horlogers, orf\u00e8vres, bronziers, \u00e9b\u00e9nistes, math\u00e9maticiens et physiciens, et fait appel \u00e0 leurs expertises pour nous faire d\u00e9couvrir le temps, cette notion complexe et fascinante qui a passionn\u00e9 les plus grands esprits.\u00a0<\/p>\n<p>\u00c0 l\u2019heure o\u00f9 nos vies sont r\u00e9gies par la vitesse et la pr\u00e9cision, la pendule de Passemant nous invite \u00e0 repenser notre rapport au temps, entre science, art et philosophie.\u00a0Au bout du compte, le temps est ind\u00e9finissable et c\u2019est peut-\u00eatre mieux ainsi\u2026\u00a0<\/p>\n<p><strong>Voir le teaser \u2b07\ufe0f<\/strong><br \/>\u00a0<\/p>\n<p>\u00a0<\/p>\n<p class=\"text-align-justify\">\u00a0<\/p>\n<p>\u00a0<\/p>\n<p>\u00a0<\/p>\n<p class=\"text-align-justify\">\u00a0<\/p>\n","protected":false},"excerpt":{"rendered":"Le temps. Le comprendre, le mesurer&#8230; le contr\u00f4ler. Symbole de la qu\u00eate humaine pour comprendre et ma\u00eetriser le&hellip;\n","protected":false},"author":2,"featured_media":333809,"comment_status":"","ping_status":"","sticky":false,"template":"","format":"standard","meta":{"footnotes":""},"categories":[1592],"tags":[1111,11,1777,674,1011,27,662,12,626,25],"class_list":{"0":"post-333808","1":"post","2":"type-post","3":"status-publish","4":"format-standard","5":"has-post-thumbnail","7":"category-ile-de-france","8":"tag-actu","9":"tag-actualites","10":"tag-eu","11":"tag-europe","12":"tag-fr","13":"tag-france","14":"tag-ile-de-france","15":"tag-news","16":"tag-paris","17":"tag-republique-francaise"},"share_on_mastodon":{"url":"https:\/\/pubeurope.com\/@fr\/115066617531986760","error":""},"_links":{"self":[{"href":"https:\/\/www.europesays.com\/fr\/wp-json\/wp\/v2\/posts\/333808","targetHints":{"allow":["GET"]}}],"collection":[{"href":"https:\/\/www.europesays.com\/fr\/wp-json\/wp\/v2\/posts"}],"about":[{"href":"https:\/\/www.europesays.com\/fr\/wp-json\/wp\/v2\/types\/post"}],"author":[{"embeddable":true,"href":"https:\/\/www.europesays.com\/fr\/wp-json\/wp\/v2\/users\/2"}],"replies":[{"embeddable":true,"href":"https:\/\/www.europesays.com\/fr\/wp-json\/wp\/v2\/comments?post=333808"}],"version-history":[{"count":0,"href":"https:\/\/www.europesays.com\/fr\/wp-json\/wp\/v2\/posts\/333808\/revisions"}],"wp:featuredmedia":[{"embeddable":true,"href":"https:\/\/www.europesays.com\/fr\/wp-json\/wp\/v2\/media\/333809"}],"wp:attachment":[{"href":"https:\/\/www.europesays.com\/fr\/wp-json\/wp\/v2\/media?parent=333808"}],"wp:term":[{"taxonomy":"category","embeddable":true,"href":"https:\/\/www.europesays.com\/fr\/wp-json\/wp\/v2\/categories?post=333808"},{"taxonomy":"post_tag","embeddable":true,"href":"https:\/\/www.europesays.com\/fr\/wp-json\/wp\/v2\/tags?post=333808"}],"curies":[{"name":"wp","href":"https:\/\/api.w.org\/{rel}","templated":true}]}}