{"id":333810,"date":"2025-08-21T11:53:11","date_gmt":"2025-08-21T11:53:11","guid":{"rendered":"https:\/\/www.europesays.com\/fr\/333810\/"},"modified":"2025-08-21T11:53:11","modified_gmt":"2025-08-21T11:53:11","slug":"ludo-celebre-eboueur-de-la-ville-de-paris-fait-lune-de-ses-pires-trouvailles-dans-la-rue","status":"publish","type":"post","link":"https:\/\/www.europesays.com\/fr\/333810\/","title":{"rendered":"Ludo, c\u00e9l\u00e8bre \u00e9boueur de la Ville de Paris, fait l&rsquo;une de ses \u00ab\u00a0pires trouvailles\u00a0\u00bb dans la rue"},"content":{"rendered":"<p>            Par<br \/>\n        <strong><br \/>\n            <a href=\"https:\/\/actu.fr\/auteur\/redaction-paris\" title=\"Consulter tous les articles de R\u00e9daction Paris\" rel=\"nofollow noopener\" target=\"_blank\">R\u00e9daction Paris<\/a><br \/>\n        <\/strong><\/p>\n<p>        Publi\u00e9 le<\/p>\n<p>            21 ao\u00fbt 2025 \u00e0 13h27        <\/p>\n<p>Derri\u00e8re la star des<a href=\"https:\/\/actu.fr\/tag\/reseaux-sociaux\" rel=\"nofollow noopener\" target=\"_blank\"> r\u00e9seaux sociaux<\/a>, un professionnel qui n\u2019h\u00e9site pas \u00e0 profiter de sa c\u00e9l\u00e9brit\u00e9 pour faire passer des messages. C\u2019est d\u2019ailleurs ce qu\u2019il vient de faire \u00e0 nouveau sur les r\u00e9seaux sociaux. <a href=\"https:\/\/actu.fr\/ile-de-france\/paris_75056\/eboueur-star-des-reseaux-sociaux-il-va-faire-le-tour-de-paris-a-pied-pour-collecter-les-dechets_53001295.html\" rel=\"nofollow noopener\" target=\"_blank\">Ludovic, \u00e9boueur<\/a> de la <a href=\"https:\/\/actu.fr\/tag\/mairie-de-paris\" rel=\"nofollow noopener\" target=\"_blank\">Ville de Paris<\/a> aux plus de 400\u2009000 followers sur TikTok, a publi\u00e9 sur X ce jeudi 21\u00a0ao\u00fbt 2025 une vid\u00e9o dans laquelle il partage \u00ab\u2009l\u2019une de ses pires trouvailles\u2009\u00bb dans les rues de la capitale. Il la place m\u00eame dans son Top\u00a010.<\/p>\n<p>\u00ab\u00a0Magie noire\u00a0\u00bb et pr\u00e9cautions\u00a0<\/p>\n<p class=\" wall-content\">Dans une s\u00e9quence d\u2019une minute tourn\u00e9e visiblement du c\u00f4t\u00e9 du <a href=\"https:\/\/actu.fr\/tag\/centre-pompidou\" rel=\"nofollow noopener\" target=\"_blank\">Centre Pompidou<\/a> (Paris, 4e), on voit le ripeur se diriger vers un bosquet arm\u00e9 de sa poubelle et de son balais. \u00ab\u2009Souvent, on me pose la question de ce qu\u2019on peut trouver sur notre chemin. Alors, venez avec moi\u2009\u00bb, lance l\u2019agent de propret\u00e9 avant d\u2019extirper du bosquet un sac en plastique blanc partiellement ferm\u00e9.<\/p>\n<p class=\" wall-content\">\n<p class=\" wall-content\">\u00ab\u2009Je suis en train d\u2019halluciner\u2009\u00bb, poursuit l\u2019homme, qui, les mains gant\u00e9es, d\u00e9chire le sac avant de sursauter en laissant \u00e9chapper un \u00ab\u2009Oh\u2009\u00bb. \u00c0 l\u2019int\u00e9rieur, le cadavre d\u2019un coq roux, dont la t\u00eate semble manquante. \u00ab\u2009Voil\u00e0 ce qu\u2019on peut trouver, c\u2019est hallucinant\u2009\u00bb, poursuit-il avant de placer le corps du gallinac\u00e9 dans sa poubelle.<\/p>\n<p class=\" wall-content\">Les commentaires des internautes oscillent\u2009: certains font part de leur d\u00e9go\u00fbt, d\u2019autres sont scandalis\u00e9s \u00e9voquant de la maltraitance animale ou remercient Ludovic pour son travail. Il y a aussi ceux, dont on ne sait pas s\u2019ils sont s\u00e9rieux, qui sugg\u00e8rent qu\u2019il s\u2019agit de magie noire. Dans certaines croyances, les poulets, poules ou coqs d\u00e9capit\u00e9s seraient utilis\u00e9s pour pratiquer des rites vaudous ou jeter des sorts.<\/p>\n<p class=\" wall-content\">Difficile de savoir pourquoi et comment ce cadavre s\u2019est retrouv\u00e9 dans le bosquet. Une chose est s\u00fbre, en cas de d\u00e9couverte de la sorte, il convient de prendre des pr\u00e9cautions. Sur son<a href=\"https:\/\/mairiepariscentre.paris.fr\/pages\/les-animaux-a-paris-et-a-paris-centre-25995\" rel=\"nofollow noopener\" target=\"_blank\"> site Internet<\/a>, la Ville de Paris explique qu\u2019il ne faut pas manipuler l\u2019animal ni le jeter dans une poubelle, mais signaler sa pr\u00e9sence via les diff\u00e9rents canaux \u00e0 disposition. Via l\u2019application<a href=\"https:\/\/www.paris.fr\/pages\/comment-bien-utiliser-l-application-dansmarue-24151\" rel=\"nofollow noopener\" target=\"_blank\"> DansMaRue<\/a> pour les cadavres de rats ou de pigeons uniquement, via la <a href=\"https:\/\/www.prefecturedepolice.interieur.gouv.fr\/demarches-et-services-en-ligne\/particulier\/contacter-le-service-de-la-police-sanitaire-des-animaux\" rel=\"nofollow noopener\" target=\"_blank\">direction d\u00e9partementale de la protection des populations<\/a> pour les cadavres de tout autre animal. Ce qu\u2019aura certainement fait Ludovic apr\u00e8s cette nouvelle vid\u00e9o rendant compte de son difficile quotidien.<\/p>\n<p class=\" wall-content\">Personnalisez votre actualit\u00e9 en ajoutant vos villes et m\u00e9dias en favori avec <a href=\"https:\/\/moncompte.actu.fr\" title=\"D\u00e9couvez Mon Actu\" rel=\"nofollow noopener\" data-trk=\"{&quot;cta&quot;:{&quot;action&quot;:&quot;https:\\\/\\\/moncompte.actu.fr&quot;,&quot;category&quot;:&quot;mon compte&quot;,&quot;from&quot;:&quot;article footer&quot;,&quot;name&quot;:&quot;Mon actu&quot;,&quot;type&quot;:&quot;cta&quot;}}\" target=\"_blank\">Mon Actu<\/a>.<\/p>\n","protected":false},"excerpt":{"rendered":"Par R\u00e9daction Paris Publi\u00e9 le 21 ao\u00fbt 2025 \u00e0 13h27 Derri\u00e8re la star des r\u00e9seaux sociaux, un professionnel&hellip;\n","protected":false},"author":2,"featured_media":333811,"comment_status":"","ping_status":"","sticky":false,"template":"","format":"standard","meta":{"footnotes":""},"categories":[1888],"tags":[1111,1928,11,1927,1867,1777,674,1011,27,1757,2381,12,1926,626,1925,25],"class_list":{"0":"post-333810","1":"post","2":"type-post","3":"status-publish","4":"format-standard","5":"has-post-thumbnail","7":"category-paris","8":"tag-actu","9":"tag-actu-paris","10":"tag-actualites","11":"tag-actualites-paris","12":"tag-animaux","13":"tag-eu","14":"tag-europe","15":"tag-fr","16":"tag-france","17":"tag-insolite","18":"tag-mairie-de-paris","19":"tag-news","20":"tag-news-paris","21":"tag-paris","22":"tag-paris-news","23":"tag-republique-francaise"},"share_on_mastodon":{"url":"https:\/\/pubeurope.com\/@fr\/115066621354650589","error":""},"_links":{"self":[{"href":"https:\/\/www.europesays.com\/fr\/wp-json\/wp\/v2\/posts\/333810","targetHints":{"allow":["GET"]}}],"collection":[{"href":"https:\/\/www.europesays.com\/fr\/wp-json\/wp\/v2\/posts"}],"about":[{"href":"https:\/\/www.europesays.com\/fr\/wp-json\/wp\/v2\/types\/post"}],"author":[{"embeddable":true,"href":"https:\/\/www.europesays.com\/fr\/wp-json\/wp\/v2\/users\/2"}],"replies":[{"embeddable":true,"href":"https:\/\/www.europesays.com\/fr\/wp-json\/wp\/v2\/comments?post=333810"}],"version-history":[{"count":0,"href":"https:\/\/www.europesays.com\/fr\/wp-json\/wp\/v2\/posts\/333810\/revisions"}],"wp:featuredmedia":[{"embeddable":true,"href":"https:\/\/www.europesays.com\/fr\/wp-json\/wp\/v2\/media\/333811"}],"wp:attachment":[{"href":"https:\/\/www.europesays.com\/fr\/wp-json\/wp\/v2\/media?parent=333810"}],"wp:term":[{"taxonomy":"category","embeddable":true,"href":"https:\/\/www.europesays.com\/fr\/wp-json\/wp\/v2\/categories?post=333810"},{"taxonomy":"post_tag","embeddable":true,"href":"https:\/\/www.europesays.com\/fr\/wp-json\/wp\/v2\/tags?post=333810"}],"curies":[{"name":"wp","href":"https:\/\/api.w.org\/{rel}","templated":true}]}}