{"id":333814,"date":"2025-08-21T11:55:12","date_gmt":"2025-08-21T11:55:12","guid":{"rendered":"https:\/\/www.europesays.com\/fr\/333814\/"},"modified":"2025-08-21T11:55:12","modified_gmt":"2025-08-21T11:55:12","slug":"avis-dattribution-et-de-conclusion-des-contrats","status":"publish","type":"post","link":"https:\/\/www.europesays.com\/fr\/333814\/","title":{"rendered":"AVIS D\u2019ATTRIBUTION ET DE CONCLUSION DES CONTRATS"},"content":{"rendered":"<p>\n  Appel \u00e0 candidatures en vue de conclure une convention d\u2019occupation du domaine public (CODP) pour la cr\u00e9ation et l\u2019exploitation de terrains de padel au niveau du parking de surface situ\u00e9 3 \u00e0 9 avenue du Pr\u00e9sident Kennedy (Paris 16\u00e8me)\n<\/p>\n<p>  Nom et adresse officiels de la personne publique<\/p>\n<p>\n  Ville de Paris<br \/>Direction de la Voirie et des D\u00e9placements <br \/>Service des Affaires juridiques et financi\u00e8res\u00a0\u2013 Bureau de la coordination et des achats<br \/>121 avenue de France <br \/>CS 51388\u00a0\u2013 75\u00a0639 PARIS cedex 13\n<\/p>\n<p>\n  T\u00e9l\u00e9phone\u00a0: +33\u00a01 40\u00a028\u00a072\u00a070\n<\/p>\n<p>  Correspondant<\/p>\n<p>  Objet de la convention<\/p>\n<p>\n  La convention a pour objet l\u2019occupation du domaine public pour la cr\u00e9ation et l\u2019exploitation de trois terrains de padel au niveau du parking de surface situ\u00e9 3 \u00e0 9 avenue du Pr\u00e9sident Kennedy (Paris 16\u00e8me)\n<\/p>\n<p>  Publication<\/p>\n<p>  D\u00e9but de publication<\/p>\n<p>  Type de proc\u00e9dure<\/p>\n<p>  Attributaire<\/p>\n<p>  Crit\u00e8res d&rsquo;attribution<\/p>\n<p>\n  En application des crit\u00e8res \u00e9nonc\u00e9s dans l\u2019appel \u00e0 candidatures\n<\/p>\n<p>  Date de conclusion du contrat<\/p>\n<p>  Date de publication du pr\u00e9sent avis<\/p>\n<p>\n  Le contrat sign\u00e9 peut \u00eatre contest\u00e9 par tout tiers dans un d\u00e9lai de deux mois \u00e0 compter de la publication du pr\u00e9sent avis, au titre du recours en contestation de validit\u00e9 du contrat.\n<\/p>\n<p>  Instance charg\u00e9e des proc\u00e9dures de recours et aupr\u00e8s de laquelle des renseignements peuvent \u00eatre obtenus concernant l&rsquo;introduction du recours<\/p>\n<p>\n  Tribunal administratif de Paris <br \/>7, rue de Jouy <br \/>75181 Paris cedex 04\n<\/p>\n<ul class=\"list\">\n<li data-controller=\"list\">\n<p><strong>Courrier \u00e9lectronique\u00a0:<\/strong> <a href=\"https:\/\/www.paris.fr\/pages\/mailto:terssr.gn-cnevf@whenqz.se\" class=\"hidden-mail\" rel=\"nofollow noopener\" target=\"_blank\">[greffe.ta-paris puis juradm.fr apr\u00e8s le signe @]<a href=\"https:\/\/www.paris.fr\/pages\/mailto:terssr.gn-cnevf@whenqz.se\" class=\"hidden-mail\" rel=\"nofollow noopener\" target=\"_blank\">terssr.gn-cnevf@whenqz.se<\/a>[greffe.ta-paris puis juradm.fr apr\u00e8s le signe @] <\/p>\n<\/li>\n<li data-controller=\"list\">\n<p><strong>T\u00e9l\u00e9phone\u00a0:<\/strong> 01.44.59.44.00<\/p>\n<\/li>\n<li data-controller=\"list\">\n<p><strong>T\u00e9l\u00e9copie\u00a0:<\/strong> 01.44.59.46.46<\/p>\n<\/li>\n<\/ul>\n","protected":false},"excerpt":{"rendered":"Appel \u00e0 candidatures en vue de conclure une convention d\u2019occupation du domaine public (CODP) pour la cr\u00e9ation et&hellip;\n","protected":false},"author":2,"featured_media":333815,"comment_status":"","ping_status":"","sticky":false,"template":"","format":"standard","meta":{"footnotes":""},"categories":[1888],"tags":[11,1777,674,1011,27,12,626,25],"class_list":{"0":"post-333814","1":"post","2":"type-post","3":"status-publish","4":"format-standard","5":"has-post-thumbnail","7":"category-paris","8":"tag-actualites","9":"tag-eu","10":"tag-europe","11":"tag-fr","12":"tag-france","13":"tag-news","14":"tag-paris","15":"tag-republique-francaise"},"share_on_mastodon":{"url":"https:\/\/pubeurope.com\/@fr\/115066629270952884","error":""},"_links":{"self":[{"href":"https:\/\/www.europesays.com\/fr\/wp-json\/wp\/v2\/posts\/333814","targetHints":{"allow":["GET"]}}],"collection":[{"href":"https:\/\/www.europesays.com\/fr\/wp-json\/wp\/v2\/posts"}],"about":[{"href":"https:\/\/www.europesays.com\/fr\/wp-json\/wp\/v2\/types\/post"}],"author":[{"embeddable":true,"href":"https:\/\/www.europesays.com\/fr\/wp-json\/wp\/v2\/users\/2"}],"replies":[{"embeddable":true,"href":"https:\/\/www.europesays.com\/fr\/wp-json\/wp\/v2\/comments?post=333814"}],"version-history":[{"count":0,"href":"https:\/\/www.europesays.com\/fr\/wp-json\/wp\/v2\/posts\/333814\/revisions"}],"wp:featuredmedia":[{"embeddable":true,"href":"https:\/\/www.europesays.com\/fr\/wp-json\/wp\/v2\/media\/333815"}],"wp:attachment":[{"href":"https:\/\/www.europesays.com\/fr\/wp-json\/wp\/v2\/media?parent=333814"}],"wp:term":[{"taxonomy":"category","embeddable":true,"href":"https:\/\/www.europesays.com\/fr\/wp-json\/wp\/v2\/categories?post=333814"},{"taxonomy":"post_tag","embeddable":true,"href":"https:\/\/www.europesays.com\/fr\/wp-json\/wp\/v2\/tags?post=333814"}],"curies":[{"name":"wp","href":"https:\/\/api.w.org\/{rel}","templated":true}]}}