{"id":333816,"date":"2025-08-21T11:56:20","date_gmt":"2025-08-21T11:56:20","guid":{"rendered":"https:\/\/www.europesays.com\/fr\/333816\/"},"modified":"2025-08-21T11:56:20","modified_gmt":"2025-08-21T11:56:20","slug":"luis-enrique-juge-que-dembele-peut-encore-ameliorer-ses-performances","status":"publish","type":"post","link":"https:\/\/www.europesays.com\/fr\/333816\/","title":{"rendered":"Luis Enrique juge que Demb\u00e9l\u00e9 \u00ab\u00a0peut encore am\u00e9liorer ses performances\u00a0\u00bb"},"content":{"rendered":"<p>13h26<\/p>\n<p>C&rsquo;est la fin de cette conf\u00e9rence de presse<\/p>\n<p>Apr\u00e8s cette derni\u00e8re question portant sur Ligue 1+, Luis Enrique a remerci\u00e9 les journalistes pr\u00e9sents et mis fin abruptement \u00e0 la conf\u00e9rence de presse.<\/p>\n<p>13h25<\/p>\n<p>Le club va-t-il montrer plus de coulisses sur Ligue 1+?<\/p>\n<p>\u00ab\u00a0Nous avons tout montr\u00e9. C&rsquo;est tout, le plus int\u00e9ressant. Il n&rsquo;y a rien de plus. Le reste&#8230;\u00a0\u00bb<\/p>\n<p>13h24<\/p>\n<p>Changer par rapport \u00e0 l&rsquo;ann\u00e9e derni\u00e8re?<\/p>\n<p>\u00ab\u00a0C&rsquo;est mon travail, le travail de l&rsquo;\u00e9quipe, du club. Il doit \u00eatre pr\u00eat pour \u00eatre impr\u00e9vsible, \u00eatre diff\u00e9rent, avoir plus d&rsquo;options. C&rsquo;est pour \u00e7a qu&rsquo;on prend des d\u00e9cisions. C&rsquo;est pour \u00e7a qu&rsquo;on continue \u00e0 signer des joueurs. Mais ce n&rsquo;est pas une chose publique.\u00a0\u00bb<\/p>\n<p>13h22<\/p>\n<p>Sur son effectif<\/p>\n<p>\u00ab\u00a0Ce que nous pouvons ajouter, c&rsquo;est travailler sur les choses que nous pensons seront importantes pendant le match. On doit avoir une structure pour attaquer de la meilleure des mani\u00e8res et \u00eatre bonne dans le pressing. Avant les matchs, on sait plus ou moins quelles seront les actions. Mais on doit voir comment sont les joueurs car ce ne sont pas les machines. Ca d\u00e9pend de chaque match.\u00a0\u00bb<\/p>\n<p>13h20<\/p>\n<p>Est-il superstitieux avant les matchs?<\/p>\n<p>\u00ab\u00a0Non. Je ne fais rien avec la superstition. Je suis fier de mon travail. Le reste, rien. Comme joueur, j&rsquo;\u00e9tais un peu supersititieux, mais pas en tant qu&rsquo;entra\u00eeneur. Pour moi, c&rsquo;est facile. Si un joueur pendant les entra\u00eenements joue \u00e0 un tr\u00e8s haut niveau, alors il m\u00e9rite de jouer. Peu importe l&rsquo;\u00e2ge, sa nationalit\u00e9, rien.\u00a0\u00bb<\/p>\n<p>13h19<\/p>\n<p>Sur la capacit\u00e9 \u00e0 marquer de loin<\/p>\n<p>\u00ab\u00a0Plus d&rsquo;une nouveaut\u00e9 technique, c&rsquo;est une des solutions que tu dois chercher quand tu fais face \u00e0 un bloc bas. Je suis content d&rsquo;avoir des joueurs avec cette qualit\u00e9 \u00e0 tirer de loin.\u00a0\u00bb<\/p>\n<p>13h18<\/p>\n<p>Sur la facult\u00e9 de Demb\u00e9l\u00e9 \u00e0 encore hausser son niveau de performances<\/p>\n<p>\u00ab\u00a0Je pense que cette saison, pour Ousmane, c\u2019est un peu un challenge. Parce que l\u2019ann\u00e9e derni\u00e8re \u00e7a a \u00e9t\u00e9 une ann\u00e9e incroyable. Et je suis convaincu qu\u2019il peut am\u00e9liorer ses performances. Sans aucun doute. Il faut \u00eatre tr\u00e8s valiente (comprendre courageux) pour dire \u00e7a mais je pense qu\u2019il a le niveau. Pour nous c\u2019est un joueur tr\u00e8s important. Il a de la qualit\u00e9 non seulement offensive mais aussi d\u00e9fensive. Et je le vois toujours avec le sourire. Je suis content et j\u2019esp\u00e8re que cette ann\u00e9e sera encore meilleure pour lui et pour l\u2019\u00e9quipe.\u00a0\u00bb<\/p>\n<p>13h17<\/p>\n<p>Sur Lucas Chevalier et la d\u00e9cision de remplacer Donnarumma<\/p>\n<p>\u00ab\u00a0Ce sont des d\u00e9cisions toujours difficiles \u00e0 prendre. Je n&rsquo;ai aucun probl\u00e8me \u00e0 la prendre mais je n&rsquo;expliquerai rien sur des joueurs qui sont au PSG. Ca ne m&rsquo;int\u00e9resse pas. Je peux comprendre les critiques sur notre et ma d\u00e9cision. Mais on est calmes, on est tranquilles. On sait o\u00f9 on veut aller et c&rsquo;est le plus important pour moi.\u00a0\u00bb<\/p>\n<p>13h16<\/p>\n<p>Sur la relation Safonov\/Zabarnyi<\/p>\n<p>\u00ab\u00a0Le sport et particuli\u00e8rement le football est la meilleure des mani\u00e8res pour avoir la capacit\u00e9 d&rsquo;inclure des personnes et de faire de l&rsquo;union, et non de la s\u00e9paration. Le sport et les personnes sont au-d\u00e9l\u00e0 des compromis politiques ou des int\u00e9r\u00eats \u00e9conomiques des politiciens.\u00a0\u00bb<\/p>\n<p>13h14<\/p>\n<p>Sur l&rsquo;importance des rempla\u00e7ants<\/p>\n<p>\u00ab\u00a0C&rsquo;est particuli\u00e8rement important ces premi\u00e8res semaines mais \u00e7a a \u00e9t\u00e9 une constante pendant la saison derni\u00e8re. On est habitu\u00e9s de voir les joueurs qui entrent en jeu \u00eatre importants. Pour moi c&rsquo;est une qualit\u00e9 de notre \u00e9quipe.\u00a0\u00bb<\/p>\n<p>13h13<\/p>\n<p>Sur les sensations \u00e0 la reprise de l&rsquo;entra\u00eenement<\/p>\n<p>\u00ab\u00a0Le feeling avec le ballon, c&rsquo;est pareil que quand tu fais ta premi\u00e8re interview apr\u00e8s les vacances. Apr\u00e8s trois semaines sans toucher le ballon, la premi\u00e8re semaine, c&rsquo;est&#8230; je me souviens en tant que joueur, c&rsquo;est toujours diff\u00e9rent. Contre Angers, \u00e7a va \u00eatre difficile. On doit \u00eatre lucides, on doit \u00eatre pr\u00eats.\u00a0\u00bb<\/p>\n<p>13h11<\/p>\n<p>Sur le mercato parisien<\/p>\n<p>\u00ab\u00a0Notre obligation est de rester ouverts jusqu&rsquo;\u00e0 la fin du mercato. On est contents de nos recrus mais on reste pr\u00eats quelle que soit la situation.\u00a0\u00bb<\/p>\n<p>13h10<\/p>\n<p>Sur le retour au Parc des Princes<\/p>\n<p>\u00ab\u00a0Le stade nous a manqu\u00e9 beaucoup, et nos supporters aussi. C&rsquo;est toujours super de jouer au Parc, c&rsquo;est une ambiance tellement diff\u00e9rente. On a jou\u00e9 les 10 derniers matchs \u00e0 l&rsquo;ext\u00e9rieur, c&rsquo;est le moment de profiter de nos supporters. On veut jouer \u00e0 notre meilleur niveau. On va pr\u00e9parer bien le match.\u00a0\u00bb<\/p>\n<p>13h09<\/p>\n<p>Sur les blocs bas des \u00e9quipes en Ligue 1<\/p>\n<p>\u00ab\u00a0Je pense que c&rsquo;est l&rsquo;habitude. On a vu \u00e7a il y a deux ans l&rsquo;ann\u00e9e derni\u00e8re, et je pense que \u00e7a sera la m\u00eame chose. On est habitu\u00e9s \u00e0 jouer contre des blocs bas. C&rsquo;est toujours difficile. Tu n&rsquo;as pas le temps de penser, de r\u00e9aliser ton action. Mais on est habitu\u00e9s. C&rsquo;est la phase de jeu que nous connaissons le plus.\u00a0\u00bb<\/p>\n<p>13h07<\/p>\n<p>Sur Chevalier<\/p>\n<p>\u00ab\u00a0Pour \u00eatre honn\u00eate je pense que je dois parler en espagnol. C&rsquo;est tr\u00e8s facile. Un style qui colle \u00e0 notre \u00e9quipe, dans la continuit\u00e9. Qu&rsquo;il peut prendre des d\u00e9cisions en fonction de nos adversaires. Au niveau mental, qu&rsquo;il ait aussi une bonne vision g\u00e9n\u00e9rale du terrain.\u00a0\u00bb<\/p>\n<p>13h06<\/p>\n<p>La conf\u00e9rence de presse va commencer<\/p>\n<p>Luis Enrique vient d&rsquo;arriver devant les m\u00e9dias.<\/p>\n<p>11h52<\/p>\n<p>Ce que le PSG a pr\u00e9vu pour son retour au Parc des Princes<\/p>\n<p>Vendredi soir, le PSG re\u00e7oit Angers lors de la deuxi\u00e8me journ\u00e9e de championnat. Une affiche qui marquera la grande premi\u00e8re du club de la capitale au Parc des Princes cette saison.<\/p>\n<p>Selon les informations de RMC Sport, les joueurs parisiens vont rester \u00e0 la fin du match pour pr\u00e9senter l&rsquo;ensemble des troph\u00e9es de la saison derni\u00e8re et la Supercoupe d&rsquo;Europe.<\/p>\n<p>L&rsquo;id\u00e9e est de partager ces titres avec le grand public. Mais aussi de montrer que le club reste au travail et qu&rsquo;il souhaite conqu\u00e9rir de nouveaux titres. Cette rencontre se jouera \u00e0 guichets ferm\u00e9s.<\/p>\n<p><strong>Arthur Perrot<\/strong><\/p>\n<p>11h35<\/p>\n<p>Mayulu \u00ab\u00a0poursuit son travail de reprise\u00a0\u00bb<\/p>\n<p>Dans son point m\u00e9dical publi\u00e9 ce jeudi matin, le PSG indique que Senny Mayulu poursuit son travail de reprise. Touch\u00e9 \u00e0 l\u2019adducteur de la cuisse droite, le jeune Parisien a d\u00e9j\u00e0 manqu\u00e9 la Supercoupe d&rsquo;Europe contre Tottenham et la reprise du championnat dimanche dernier contre les Canaris. Il est le seul joueur \u00e0 l&rsquo;infirmerie.<\/p>\n<p>11h22<\/p>\n<p>La vente d&rsquo;alcool interdite autour du Parc des Princes les jours de matchs<\/p>\n<p>Le pr\u00e9fet de police de Paris a pris un arr\u00eat\u00e9 pour interdire la vente d&rsquo;alcool autour du Parc des Princes en dehors des lieux autoris\u00e9s, les jours de matchs du Paris Saint-Germain. C&rsquo;est aussi le cas autour du Stade Jean Bouin pour le Paris FC.<\/p>\n<p>&gt;&gt;&gt; En savoir plus <a href=\"https:\/\/rmcsport.bfmtv.com\/football\/ligue-1\/ligue-1-la-vente-d-alcool-interdite-autour-du-parc-des-princes-et-de-jean-bouin-les-jours-de-matchs_AV-202508190564.html\" title=\"Ligue 1: la vente d&#039;alcool interdite autour du Parc des Princes et de Jean Bouin les jours de matchs\" class=\"internal_link\" rel=\"nofollow noopener\" target=\"_blank\">ici.<\/a><\/p>\n<p>11h09<\/p>\n<p>\u00ab\u00a0Un honneur de faire partie de cette grande histoire\u00a0\u00bb<\/p>\n<p>Noemi est \u00e0 l\u2019origine, malgr\u00e9 elle, de l\u2019hymne des ultras du PSG \u00ab\u00a0Tous ensemble, on chantera\u00a0\u00bb. Une grande fiert\u00e9 pour la chanteuse italienne de 43 ans, dont l\u2019air du morceau \u00ab\u00a0Vuoto a perdere\u00a0\u00bb (sorti en 2011) a d\u2019abord \u00e9t\u00e9 repris par les tifosi de Naples, avant de r\u00e9sonner au Parc des Princes.<\/p>\n<p><a href=\"https:\/\/rmcsport.bfmtv.com\/football\/clubs\/paris-saint-germain\/psg-un-honneur-de-faire-partie-de-cette-grande-histoire-qui-est-noemi-la-chanteuse-italienne-a-l-origine-de-l-hymne-des-ultras-parisiens_AV-202508210251.html\" title=\"PSG: &quot;Un honneur de faire partie de cette grande histoire&quot;, qui est Noemi, la chanteuse italienne \u00e0 l\u2019origine de l\u2019hymne des ultras parisiens?\" class=\"internal_link\" rel=\"nofollow noopener\" target=\"_blank\">&gt;&gt;&gt; Qui est Noemi, la chanteuse italienne \u00e0 l\u2019origine de l\u2019hymne des ultras parisiens?<\/a><\/p>\n<p>10h57<\/p>\n<p>La pelouse marqu\u00e9e au Parc et au Campus<\/p>\n<p>Des images de la pelouse ab\u00eem\u00e9e du Parc des Princes ont fuit\u00e9 hier sur les r\u00e9seaux sociaux. Elle appara\u00eet aussi marqu\u00e9e au Campus. La raison dans ces deux cas : chaque \u00e9t\u00e9 le club d\u00e9cide de refaire int\u00e9gralement ses pelouses. Au moment de semer le nouveau gazon, les fortes chaleurs n&rsquo;ont pas aid\u00e9 \u00e0 la repousse.<\/p>\n<p><img decoding=\"async\" class=\"lozad\" src=\"https:\/\/www.europesays.com\/fr\/wp-content\/uploads\/2025\/08\/La-pelouse-du-Campus-du-PSG-le-21-aout-2025-2125205.jpg\"  alt=\"La pelouse du Campus du PSG, le 21 ao\u00fbt 2025.\" title=\"La pelouse du Campus du PSG, le 21 ao\u00fbt 2025.\"\/>La pelouse du Campus du PSG, le 21 ao\u00fbt 2025. \u00a9 RMC Sport<\/p>\n<p><strong>Arthur Perrot<\/strong><\/p>\n<p>10h49<\/p>\n<p>Bonjour \u00e0 tous<\/p>\n<p>Et bienvenue dans ce direct comment\u00e9 de la conf\u00e9rence de presse de Luis Enrique en marge de la deuxi\u00e8me journ\u00e9e de Ligue 1. Vainqueurs sur la plus petite des marges face \u00e0 Nantes (1-0) le week-end dernier, les Parisiens re\u00e7oivent vendredi (20h45) Angers. Le technicien espagnol se pr\u00e9sentera devant les m\u00e9dias \u00e0 partir de 13 heures.<\/p>\n","protected":false},"excerpt":{"rendered":"13h26 C&rsquo;est la fin de cette conf\u00e9rence de presse Apr\u00e8s cette derni\u00e8re question portant sur Ligue 1+, Luis&hellip;\n","protected":false},"author":2,"featured_media":333817,"comment_status":"","ping_status":"","sticky":false,"template":"","format":"standard","meta":{"footnotes":""},"categories":[1888],"tags":[11,1777,674,1011,27,12,626,25],"class_list":{"0":"post-333816","1":"post","2":"type-post","3":"status-publish","4":"format-standard","5":"has-post-thumbnail","7":"category-paris","8":"tag-actualites","9":"tag-eu","10":"tag-europe","11":"tag-fr","12":"tag-france","13":"tag-news","14":"tag-paris","15":"tag-republique-francaise"},"share_on_mastodon":{"url":"https:\/\/pubeurope.com\/@fr\/115066633361759559","error":""},"_links":{"self":[{"href":"https:\/\/www.europesays.com\/fr\/wp-json\/wp\/v2\/posts\/333816","targetHints":{"allow":["GET"]}}],"collection":[{"href":"https:\/\/www.europesays.com\/fr\/wp-json\/wp\/v2\/posts"}],"about":[{"href":"https:\/\/www.europesays.com\/fr\/wp-json\/wp\/v2\/types\/post"}],"author":[{"embeddable":true,"href":"https:\/\/www.europesays.com\/fr\/wp-json\/wp\/v2\/users\/2"}],"replies":[{"embeddable":true,"href":"https:\/\/www.europesays.com\/fr\/wp-json\/wp\/v2\/comments?post=333816"}],"version-history":[{"count":0,"href":"https:\/\/www.europesays.com\/fr\/wp-json\/wp\/v2\/posts\/333816\/revisions"}],"wp:featuredmedia":[{"embeddable":true,"href":"https:\/\/www.europesays.com\/fr\/wp-json\/wp\/v2\/media\/333817"}],"wp:attachment":[{"href":"https:\/\/www.europesays.com\/fr\/wp-json\/wp\/v2\/media?parent=333816"}],"wp:term":[{"taxonomy":"category","embeddable":true,"href":"https:\/\/www.europesays.com\/fr\/wp-json\/wp\/v2\/categories?post=333816"},{"taxonomy":"post_tag","embeddable":true,"href":"https:\/\/www.europesays.com\/fr\/wp-json\/wp\/v2\/tags?post=333816"}],"curies":[{"name":"wp","href":"https:\/\/api.w.org\/{rel}","templated":true}]}}