{"id":333820,"date":"2025-08-21T11:58:15","date_gmt":"2025-08-21T11:58:15","guid":{"rendered":"https:\/\/www.europesays.com\/fr\/333820\/"},"modified":"2025-08-21T11:58:15","modified_gmt":"2025-08-21T11:58:15","slug":"guerre-en-ukraine-attaque-record-de-drones-russes-zelensky-estime-possible-une-rencontre-avec-poutine","status":"publish","type":"post","link":"https:\/\/www.europesays.com\/fr\/333820\/","title":{"rendered":"Guerre en Ukraine. Attaque record de drones russes, Zelensky estime possible une rencontre avec Poutine"},"content":{"rendered":"<p>Au moins une personne a \u00e9t\u00e9 tu\u00e9e dans l&rsquo;ouest de l&rsquo;Ukraine, selon les autorit\u00e9s locales, dans une attaque russe sans pr\u00e9c\u00e9dent depuis un mois. \u00ab L&rsquo;ennemi a attaqu\u00e9 avec 614 armes de frappe a\u00e9rienne \u00bb, a indiqu\u00e9 l&rsquo;arm\u00e9e de l&rsquo;air sur Telegram, assurant avoir abattu 546 drones et 31 missiles.\u00a0<\/p>\n<p><a href=\"https:\/\/www.ledauphine.com\/p\/volodymyr-zelensky\" target=\"_blank\" rel=\"noopener\">Volodymyr Zelensky<\/a> a assur\u00e9 qu&rsquo;une rencontre avec Vladimir Poutine sera possible apr\u00e8s avoir d\u00e9termin\u00e9 les grandes lignes d&rsquo;un accord avec les Occidentaux sur les garanties de s\u00e9curit\u00e9 pour l&rsquo;Ukraine, mentionnant la Suisse, l&rsquo;Autriche et la Turquie comme pays pouvant accueillir cette r\u00e9union.<\/p>\n<p>Rencontre dans une \u00ab Europe neutre \u00bb<\/p>\n<p>\u00ab Nous voulons parvenir \u00e0 une compr\u00e9hension de l&rsquo;architecture des garanties de s\u00e9curit\u00e9 d&rsquo;ici sept \u00e0 dix jours. Et sur la base de cette compr\u00e9hension, nous avons l&rsquo;intention d&rsquo;organiser une r\u00e9union trilat\u00e9rale \u00bb incluant le pr\u00e9sident am\u00e9ricain <a href=\"https:\/\/www.ledauphine.com\/p\/donald-trump\" target=\"_blank\" rel=\"noopener\">Donald Trump<\/a>, a pr\u00e9cis\u00e9 le dirigeant ukrainien. \u00ab Nous estimons qu&rsquo;il est juste que la rencontre ait lieu dans une Europe neutre \u00bb, a ajout\u00e9 Volodymyr Zelensky. Tenir cette r\u00e9union \u00e0 Budapest \u00ab n&rsquo;est pas facile \u00bb vu le rapprochement entre la Hongrie et la Russie, a-t-il soulign\u00e9, excluant aussi le choix de Moscou. <\/p>\n<p>La Chine ne peut, par ailleurs, pas \u00eatre un garant de s\u00e9curit\u00e9 pour l&rsquo;Ukraine face \u00e0 la Russie, a jug\u00e9 le pr\u00e9sident ukrainien, en \u00e9voquant le soutien de P\u00e9kin \u00e0 Moscou. \u00ab Premi\u00e8rement, la Chine ne nous a pas aid\u00e9s \u00e0 mettre fin \u00e0 cette guerre d\u00e8s le d\u00e9but. Deuxi\u00e8mement, la Chine a aid\u00e9 la Russie en ouvrant le march\u00e9 des drones \u00bb, a-t-il dit. \u00ab Nous n&rsquo;avons pas besoin de garants qui n&rsquo;aident pas l&rsquo;Ukraine \u00bb, a-t-il ajout\u00e9.<\/p>\n<p>Nouveau missile<\/p>\n<p>Le pr\u00e9sident ukrainien a \u00e9galement dit avoir demand\u00e9 \u00e0 Donald Trump de convaincre le chef d&rsquo;\u00c9tat hongrois <a href=\"https:\/\/www.ledauphine.com\/p\/viktor-orban\" target=\"_blank\" rel=\"noopener\">Viktor Orban<\/a> de cesser de bloquer l&rsquo;ouverture de n\u00e9gociations sur l&rsquo;adh\u00e9sion de l&rsquo;Ukraine \u00e0 l&rsquo;Union europ\u00e9enne. \u00ab J&rsquo;ai demand\u00e9 au pr\u00e9sident Trump que Budapest ne bloque pas notre adh\u00e9sion \u00e0 l&rsquo;Union europ\u00e9enne. Le pr\u00e9sident Trump a promis que son \u00e9quipe y travaillerait \u00bb, a-t-il indiqu\u00e9.<\/p>\n<p>Volodymyr Zelensky a enfin affirm\u00e9 que son pays avait test\u00e9 avec succ\u00e8s un nouveau missile d&rsquo;une port\u00e9e de 3 000 kilom\u00e8tres appel\u00e9 Flamingo, et dont la production de masse pourrait d\u00e9buter au d\u00e9but de l&rsquo;ann\u00e9e prochaine. \u00ab Le missile a \u00e9t\u00e9 soumis \u00e0 des essais concluants. Il s&rsquo;agit actuellement de notre missile le plus performant \u00bb, s&rsquo;est-il f\u00e9licit\u00e9.<\/p>\n","protected":false},"excerpt":{"rendered":"Au moins une personne a \u00e9t\u00e9 tu\u00e9e dans l&rsquo;ouest de l&rsquo;Ukraine, selon les autorit\u00e9s locales, dans une attaque&hellip;\n","protected":false},"author":2,"featured_media":333821,"comment_status":"","ping_status":"","sticky":false,"template":"","format":"standard","meta":{"footnotes":""},"categories":[1590],"tags":[11,3206,1777,674,107,329,12,220],"class_list":{"0":"post-333820","1":"post","2":"type-post","3":"status-publish","4":"format-standard","5":"has-post-thumbnail","7":"category-ukraine","8":"tag-actualites","9":"tag-defense-guerre-conflit","10":"tag-eu","11":"tag-europe","12":"tag-fil-info","13":"tag-france-monde","14":"tag-news","15":"tag-ukraine"},"share_on_mastodon":{"url":"https:\/\/pubeurope.com\/@fr\/115066641132452126","error":""},"_links":{"self":[{"href":"https:\/\/www.europesays.com\/fr\/wp-json\/wp\/v2\/posts\/333820","targetHints":{"allow":["GET"]}}],"collection":[{"href":"https:\/\/www.europesays.com\/fr\/wp-json\/wp\/v2\/posts"}],"about":[{"href":"https:\/\/www.europesays.com\/fr\/wp-json\/wp\/v2\/types\/post"}],"author":[{"embeddable":true,"href":"https:\/\/www.europesays.com\/fr\/wp-json\/wp\/v2\/users\/2"}],"replies":[{"embeddable":true,"href":"https:\/\/www.europesays.com\/fr\/wp-json\/wp\/v2\/comments?post=333820"}],"version-history":[{"count":0,"href":"https:\/\/www.europesays.com\/fr\/wp-json\/wp\/v2\/posts\/333820\/revisions"}],"wp:featuredmedia":[{"embeddable":true,"href":"https:\/\/www.europesays.com\/fr\/wp-json\/wp\/v2\/media\/333821"}],"wp:attachment":[{"href":"https:\/\/www.europesays.com\/fr\/wp-json\/wp\/v2\/media?parent=333820"}],"wp:term":[{"taxonomy":"category","embeddable":true,"href":"https:\/\/www.europesays.com\/fr\/wp-json\/wp\/v2\/categories?post=333820"},{"taxonomy":"post_tag","embeddable":true,"href":"https:\/\/www.europesays.com\/fr\/wp-json\/wp\/v2\/tags?post=333820"}],"curies":[{"name":"wp","href":"https:\/\/api.w.org\/{rel}","templated":true}]}}