{"id":333822,"date":"2025-08-21T11:59:11","date_gmt":"2025-08-21T11:59:11","guid":{"rendered":"https:\/\/www.europesays.com\/fr\/333822\/"},"modified":"2025-08-21T11:59:11","modified_gmt":"2025-08-21T11:59:11","slug":"explosion-des-exportations-dor-et-de-montres-en-juillet-a-destination-des-etats-unis","status":"publish","type":"post","link":"https:\/\/www.europesays.com\/fr\/333822\/","title":{"rendered":"Explosion des exportations d\u2019or et de montres en juillet \u00e0 destination des Etats-Unis"},"content":{"rendered":"<p>    R\u00e9sum\u00e9 en 20 secondes<\/p>\n<p>        En savoir plus sur ce type de contenu<\/p>\n<p>Ce r\u00e9sum\u00e9 peut avoir \u00e9t\u00e9 \u00e9crit avec l&rsquo;assistance d\u2019une IA g\u00e9n\u00e9rative. <a href=\"https:\/\/www.letemps.ch\/cyber\/l-usage-de-l-ia-generative-par-les-journalistes-du-temps\" target=\"_blank\" rel=\"noopener\">En savoir plus<\/a><\/p>\n<p class=\"article__abstract-call-to-action\" data-ariato=\"TrackableElement\" data-trackable-element-type=\"article_abstract_cta\" data-trackable-element-location=\"article_header\" data-trackable-element-id=\"503619\">\n        <a data-event=\"click-&gt;clicked\" href=\"https:\/\/www.letemps.ch\/abonnements\" target=\"_blank\" rel=\"noopener\">Abonnez-vous<\/a> pour acc\u00e9der au r\u00e9sum\u00e9 en 20 secondes.\n      <\/p>\n<p>Les industries de la chimie et de la pharma continuent de donner le tempo en mati\u00e8re de commerce ext\u00e9rieur suisse. Surveill\u00e9es de pr\u00e8s apr\u00e8s les hostilit\u00e9s commerciales lanc\u00e9es en avril par Donald Trump, les exportations suisses ont recul\u00e9 en juillet. Cette contraction est essentiellement due \u00e0 une baisse de 6,8% des livraisons de m\u00e9dicaments et autres sp\u00e9cialit\u00e9s chimiques qui p\u00e8sent tr\u00e8s lourd dans le commerce ext\u00e9rieur suisse et affichent de fortes variations mensuelles.<\/p>\n<p>Les statistiques publi\u00e9es jeudi par l\u2019office f\u00e9d\u00e9ral des douanes et de la s\u00e9curit\u00e9 aux fronti\u00e8res (OFDSP) font \u00e9tat d\u2019\u00e9volutions tr\u00e8s contrast\u00e9es selon les branches. L\u2019horlogerie a ainsi vu ses exportations progresser pour le second mois d\u2019affil\u00e9e (+8,4%) avec un montant de 2,3\u00a0milliards de francs, le plus important de l\u2019ann\u00e9e. En anticipation de la possible hausse de droits de douane am\u00e9ricains d\u00e9but ao\u00fbt, les exportations horlog\u00e8res helv\u00e9tiques vers ce march\u00e9 ont bondi de 45%.<\/p>\n","protected":false},"excerpt":{"rendered":"R\u00e9sum\u00e9 en 20 secondes En savoir plus sur ce type de contenu Ce r\u00e9sum\u00e9 peut avoir \u00e9t\u00e9 \u00e9crit&hellip;\n","protected":false},"author":2,"featured_media":333823,"comment_status":"","ping_status":"","sticky":false,"template":"","format":"standard","meta":{"footnotes":""},"categories":[1589],"tags":[11,73,1866,1074,6848,12,301,1864,1865,1863,308],"class_list":{"0":"post-333822","1":"post","2":"type-post","3":"status-publish","4":"format-standard","5":"has-post-thumbnail","7":"category-etats-unis","8":"tag-actualites","9":"tag-etats-unis","10":"tag-etats-unis-damerique","11":"tag-guerre-commerciale","12":"tag-matieres-premieres","13":"tag-news","14":"tag-premium","15":"tag-united-states","16":"tag-united-states-of-america","17":"tag-us","18":"tag-usa"},"share_on_mastodon":{"url":"https:\/\/pubeurope.com\/@fr\/115066645171798361","error":""},"_links":{"self":[{"href":"https:\/\/www.europesays.com\/fr\/wp-json\/wp\/v2\/posts\/333822","targetHints":{"allow":["GET"]}}],"collection":[{"href":"https:\/\/www.europesays.com\/fr\/wp-json\/wp\/v2\/posts"}],"about":[{"href":"https:\/\/www.europesays.com\/fr\/wp-json\/wp\/v2\/types\/post"}],"author":[{"embeddable":true,"href":"https:\/\/www.europesays.com\/fr\/wp-json\/wp\/v2\/users\/2"}],"replies":[{"embeddable":true,"href":"https:\/\/www.europesays.com\/fr\/wp-json\/wp\/v2\/comments?post=333822"}],"version-history":[{"count":0,"href":"https:\/\/www.europesays.com\/fr\/wp-json\/wp\/v2\/posts\/333822\/revisions"}],"wp:featuredmedia":[{"embeddable":true,"href":"https:\/\/www.europesays.com\/fr\/wp-json\/wp\/v2\/media\/333823"}],"wp:attachment":[{"href":"https:\/\/www.europesays.com\/fr\/wp-json\/wp\/v2\/media?parent=333822"}],"wp:term":[{"taxonomy":"category","embeddable":true,"href":"https:\/\/www.europesays.com\/fr\/wp-json\/wp\/v2\/categories?post=333822"},{"taxonomy":"post_tag","embeddable":true,"href":"https:\/\/www.europesays.com\/fr\/wp-json\/wp\/v2\/tags?post=333822"}],"curies":[{"name":"wp","href":"https:\/\/api.w.org\/{rel}","templated":true}]}}