{"id":333824,"date":"2025-08-21T12:00:12","date_gmt":"2025-08-21T12:00:12","guid":{"rendered":"https:\/\/www.europesays.com\/fr\/333824\/"},"modified":"2025-08-21T12:00:12","modified_gmt":"2025-08-21T12:00:12","slug":"plus-de-111-000-demandes-dasile-au-royaume-uni-cette-annee-un-record","status":"publish","type":"post","link":"https:\/\/www.europesays.com\/fr\/333824\/","title":{"rendered":"plus de 111\u00a0000 demandes d\u2019asile au Royaume-Uni cette ann\u00e9e, un record"},"content":{"rendered":"<p>Un record historique. Plus de 111\u00a0000 personnes ont demand\u00e9 l\u2019asile au Royaume-Uni ces 12 derniers mois, selon des chiffres officiels publi\u00e9s jeudi 21\u00a0ao\u00fbt.<\/p>\n<p>La publication de ces chiffres par le minist\u00e8re de l\u2019int\u00e9rieur du Royaume-Uni intervient alors que le <a href=\"https:\/\/www.la-croix.com\/international\/royaume-uni-keir-starmer-confronte-a-la-fronde-ouverte-de-deputes-de-son-aile-gauche-20250701\" data-tracking=\"inpage_click\" data-tracking-action=\"suivre un lien dans l&#039;article\" data-tracking-category=\"engagement\" rel=\"nofollow noopener\" target=\"_blank\">gouvernement travailliste de Keir Starmer<\/a>, au pouvoir depuis juillet\u00a02024, est confront\u00e9 \u00e0 la grogne croissante d\u2019\u00e9lus locaux et de r\u00e9sidents oppos\u00e9s \u00e0 l\u2019h\u00e9bergement de dizaines de milliers de ces demandeurs d\u2019asile dans des h\u00f4tels.<\/p>\n<p>Un total de 111\u00a0084 personnes ont demand\u00e9 l\u2019asile sur la p\u00e9riode allant de juin\u00a02024 \u00e0 juin\u00a02025. Il s\u2019agit du chiffre le plus \u00e9lev\u00e9 sur douze mois depuis le d\u00e9but des relev\u00e9s en 2001.<\/p>\n<p>Quelque 32\u00a0059 de ces demandeurs d\u2019asile \u00e9taient log\u00e9s dans des h\u00f4tels fin juin, soit une augmentation de 8\u00a0% sur un an, en l\u00e9g\u00e8re baisse cependant par rapport au mois de mars, et en forte diminution depuis le record de 56\u00a0042 personnes \u00e9tabli fin septembre\u00a02023. Les conservateurs \u00e9taient alors au pouvoir.<\/p>\n<p>H\u00e9bergement \u00e0 l\u2019h\u00f4tel<\/p>\n<p>Mardi, la Haute Cour a ordonn\u00e9 \u00e0 un h\u00f4tel situ\u00e9 \u00e0 Epping, ville au nord de Londres, de cesser temporairement d\u2019h\u00e9berger une centaine de demandeurs d\u2019asile, apr\u00e8s plusieurs manifestations anti-immigration depuis juillet. Ils ont jusqu\u2019au 12\u00a0septembre pour quitter l\u2019h\u00f4tel Bell.<\/p>\n<p>La cheffe du parti conservateur Kemi Badenoch a indiqu\u00e9 jeudi que son parti soutiendrait toutes les municipalit\u00e9s qui saisiraient la justice pour faire fermer un h\u00f4tel qui accueillerait des migrants. La veille, le leader du parti anti-immigration Reform, <a href=\"https:\/\/www.la-croix.com\/international\/royaume-uni-le-leader-d-extreme-droite-britannique-nigel-farage-courtise-elon-musk-20241218\" data-tracking=\"inpage_click\" data-tracking-action=\"suivre un lien dans l&#039;article\" data-tracking-category=\"engagement\" rel=\"nofollow noopener\" target=\"_blank\">Nigel Farage<\/a>, avait appel\u00e9 les Britanniques \u00e0 manifester pacifiquement devant les h\u00f4tels h\u00e9bergeant des demandeurs d\u2019asile.<\/p>\n<p>Le premier ministre Keir Starmer a promis de lutter contre l\u2019immigration et d\u2019arr\u00eater le recours \u00e0 ce type d\u2019h\u00e9bergement pour les demandeurs d\u2019asile d\u2019ici 2029. Mais depuis sa prise de fonction, plus de 50\u00a0000 migrants sont arriv\u00e9s sur les c\u00f4tes anglaises en petits bateaux de fortune.<\/p>\n<p>Des rassemblements tendus ont eu lieu ces derni\u00e8res semaines devant plusieurs h\u00f4tels h\u00e9bergeant des migrants, y compris dans le quartier financier de Canary Wharf \u00e0 Londres o\u00f9 la police a arr\u00eat\u00e9 six personnes dimanche.<\/p>\n","protected":false},"excerpt":{"rendered":"Un record historique. Plus de 111\u00a0000 personnes ont demand\u00e9 l\u2019asile au Royaume-Uni ces 12 derniers mois, selon des&hellip;\n","protected":false},"author":2,"featured_media":333825,"comment_status":"","ping_status":"","sticky":false,"template":"","format":"standard","meta":{"footnotes":""},"categories":[1588],"tags":[11,1777,674,12,473,1853,1851,1850,1852],"class_list":{"0":"post-333824","1":"post","2":"type-post","3":"status-publish","4":"format-standard","5":"has-post-thumbnail","7":"category-royaume-uni","8":"tag-actualites","9":"tag-eu","10":"tag-europe","11":"tag-news","12":"tag-royaume-uni","13":"tag-royaume-uni-de-grande-bretagne-et-dirlande-du-nord","14":"tag-uk","15":"tag-united-kingdom","16":"tag-united-kingdom-of-great-britain-and-northern-ireland"},"share_on_mastodon":{"url":"https:\/\/pubeurope.com\/@fr\/115066648924381624","error":""},"_links":{"self":[{"href":"https:\/\/www.europesays.com\/fr\/wp-json\/wp\/v2\/posts\/333824","targetHints":{"allow":["GET"]}}],"collection":[{"href":"https:\/\/www.europesays.com\/fr\/wp-json\/wp\/v2\/posts"}],"about":[{"href":"https:\/\/www.europesays.com\/fr\/wp-json\/wp\/v2\/types\/post"}],"author":[{"embeddable":true,"href":"https:\/\/www.europesays.com\/fr\/wp-json\/wp\/v2\/users\/2"}],"replies":[{"embeddable":true,"href":"https:\/\/www.europesays.com\/fr\/wp-json\/wp\/v2\/comments?post=333824"}],"version-history":[{"count":0,"href":"https:\/\/www.europesays.com\/fr\/wp-json\/wp\/v2\/posts\/333824\/revisions"}],"wp:featuredmedia":[{"embeddable":true,"href":"https:\/\/www.europesays.com\/fr\/wp-json\/wp\/v2\/media\/333825"}],"wp:attachment":[{"href":"https:\/\/www.europesays.com\/fr\/wp-json\/wp\/v2\/media?parent=333824"}],"wp:term":[{"taxonomy":"category","embeddable":true,"href":"https:\/\/www.europesays.com\/fr\/wp-json\/wp\/v2\/categories?post=333824"},{"taxonomy":"post_tag","embeddable":true,"href":"https:\/\/www.europesays.com\/fr\/wp-json\/wp\/v2\/tags?post=333824"}],"curies":[{"name":"wp","href":"https:\/\/api.w.org\/{rel}","templated":true}]}}