{"id":333826,"date":"2025-08-21T12:01:49","date_gmt":"2025-08-21T12:01:49","guid":{"rendered":"https:\/\/www.europesays.com\/fr\/333826\/"},"modified":"2025-08-21T12:01:49","modified_gmt":"2025-08-21T12:01:49","slug":"faire-lopinion-allemande-par-thomas-schnee-le-monde-diplomatique-juillet-2025","status":"publish","type":"post","link":"https:\/\/www.europesays.com\/fr\/333826\/","title":{"rendered":"Faire l\u2019opinion allemande, par Thomas Schnee (Le Monde diplomatique, juillet 2025)"},"content":{"rendered":"<p class=\"crayon article-surtitre-68566 surtitre\">Anatomie d\u2019un syst\u00e8me m\u00e9diatique percut\u00e9 par les r\u00e9seaux sociaux<\/p>\n<p>Avec une structure d\u00e9centralis\u00e9e, une t\u00e9l\u00e9vision publique qui domine les ondes et une r\u00e9ticence historique vis-\u00e0-vis de la personnalisation, les m\u00e9dias allemands d\u00e9tonnent dans le paysage europ\u00e9en. Mais la polarisation politique bouscule une routine journalistique qui refl\u00e9tait jusque-l\u00e0 le consensus des grands partis sociaux-d\u00e9mocrates et conservateurs.<\/p>\n<p>\t\t\t<img loading=\"lazy\" decoding=\"async\" src=\"https:\/\/www.europesays.com\/fr\/wp-content\/uploads\/2025\/08\/18_2254.hr-65aca.jpg\" width=\"890\" height=\"749\" class=\"spip_logos\" alt=\"JPEG - 262\u00a0ko\"\/><\/p>\n<p>Masakatsu Sashie.  \u2013 \u00ab\u00a0Analog\u00a0\u00bb, 2015<\/p>\n<p>\u00a9 Masakatsu Sashie\n<\/p>\n<p>Con\u00e7u par l\u2019architecte britannique Norman Foster dans les ann\u00e9es\u00a01990, le puits de lumi\u00e8re naturelle tombe directement sur l\u2019h\u00e9micycle du Bundestag, \u00e0 Berlin. Un double chemin de promenade h\u00e9lico\u00efdal install\u00e9 sur les parois int\u00e9rieures du d\u00f4me permet aux visiteurs un contr\u00f4le visuel de l\u2019activit\u00e9 des d\u00e9put\u00e9s f\u00e9d\u00e9raux. Plus haut, une plate-forme d\u2019observation offre une vision panoramique des lieux du pouvoir politique allemand\u00a0: la chancellerie f\u00e9d\u00e9rale, quelques minist\u00e8res et la porte de Brandebourg, devenue un lieu de c\u00e9l\u00e9brations historiques, d\u2019\u00e9v\u00e9nements sportifs mais aussi de manifestations houleuses.<\/p>\n<p>La structure voudrait symboliser la volont\u00e9 des l\u00e9gislateurs qui, en 1949 et sous la dict\u00e9e des forces d\u2019occupation occidentales, ont port\u00e9 la Loi fondamentale (Constitution) de la R\u00e9publique f\u00e9d\u00e9rale sur les fonts baptismaux\u00a0: favoriser le pluralisme des opinions politiques, former des citoyens bien inform\u00e9s au moyen de m\u00e9dias publics puissants et autonomes qui, avec les \u00e9lus du peuple, surveilleraient de pr\u00e8s le travail du gouvernement.<\/p>\n<p>\u00ab\u00a0C\u2019est au troisi\u00e8me \u00e9tage du Bundestag que l\u2019on va \u00e0 la p\u00eache aux r\u00e9actions de responsables politiques. Celui des directions de groupes parlementaires et des d\u00e9clarations officielles \u00e0 la presse\u00a0\u00bb, explique Mme\u00a0Alexandra Gubser, cheffe du bureau berlinois de la SRF, la radio-t\u00e9l\u00e9vision suisse. Avant de travailler en Allemagne, Mme\u00a0Gubser occupait le m\u00eame poste en France. \u00ab\u00a0En six ans \u00e0 Paris, je n\u2019ai jamais pu interviewer un ministre en t\u00eate \u00e0 t\u00eate. On m\u2019a souvent d\u00e9crit la Suisse comme un pays qui n\u2019offrait pas beaucoup d\u2019int\u00e9r\u00eat en mati\u00e8re de retomb\u00e9es m\u00e9diatiques\u00a0\u00bb, se rappelle-t-elle. \u00c0 Berlin, \u00ab\u00a0c\u2019est une autre conception du rapport aux journalistes. Ici, l\u2019homme politique a des comptes \u00e0 rendre et il l\u2019accepte\u00a0\u00bb, ajoute-t-elle en \u00e9voquant trois ministres interrog\u00e9s en six semaines.<\/p>\n<p>\u00c0 deux pas de la chancellerie et du Bundestag, la Maison de la presse f\u00e9d\u00e9rale met \u00e0 disposition des bureaux pour les correspondants allemands et \u00e9trangers, ainsi\u00a0(&#8230;)<\/p>\n<p>Taille de l\u2019article complet\u00a0:\u00a02\u00a0477\u00a0mots.<\/p>\n<p>\tCet article est r\u00e9serv\u00e9 aux\u00a0abonn\u00e9s<\/p>\n<p>\t<strong>Lyc\u00e9es, biblioth\u00e8ques, administrations, entreprises,<\/strong><br \/>\n\tacc\u00e9dez \u00e0 la base de donn\u00e9es en ligne de tous les articles du Monde diplomatique de 1954 \u00e0 nos\u00a0jours.<br \/>\n\t<a id=\"pw-institutions\" class=\"suivi\" href=\"https:\/\/www.monde-diplomatique.fr\/archives\/institutions\" rel=\"nofollow noopener\" target=\"_blank\">Retrouvez cette\u00a0offre sp\u00e9cifique<\/a>.<\/p>\n","protected":false},"excerpt":{"rendered":"Anatomie d\u2019un syst\u00e8me m\u00e9diatique percut\u00e9 par les r\u00e9seaux sociaux Avec une structure d\u00e9centralis\u00e9e, une t\u00e9l\u00e9vision publique qui domine&hellip;\n","protected":false},"author":2,"featured_media":333827,"comment_status":"","ping_status":"","sticky":false,"template":"","format":"standard","meta":{"footnotes":""},"categories":[1587],"tags":[11,672,1804,1805,1803,1777,674,1801,12,1802],"class_list":{"0":"post-333826","1":"post","2":"type-post","3":"status-publish","4":"format-standard","5":"has-post-thumbnail","7":"category-allemagne","8":"tag-actualites","9":"tag-allemagne","10":"tag-bundesrepublik-deutschland","11":"tag-de","12":"tag-deutschland","13":"tag-eu","14":"tag-europe","15":"tag-germany","16":"tag-news","17":"tag-republique-federale-dallemagne"},"share_on_mastodon":{"url":"https:\/\/pubeurope.com\/@fr\/115066656954369806","error":""},"_links":{"self":[{"href":"https:\/\/www.europesays.com\/fr\/wp-json\/wp\/v2\/posts\/333826","targetHints":{"allow":["GET"]}}],"collection":[{"href":"https:\/\/www.europesays.com\/fr\/wp-json\/wp\/v2\/posts"}],"about":[{"href":"https:\/\/www.europesays.com\/fr\/wp-json\/wp\/v2\/types\/post"}],"author":[{"embeddable":true,"href":"https:\/\/www.europesays.com\/fr\/wp-json\/wp\/v2\/users\/2"}],"replies":[{"embeddable":true,"href":"https:\/\/www.europesays.com\/fr\/wp-json\/wp\/v2\/comments?post=333826"}],"version-history":[{"count":0,"href":"https:\/\/www.europesays.com\/fr\/wp-json\/wp\/v2\/posts\/333826\/revisions"}],"wp:featuredmedia":[{"embeddable":true,"href":"https:\/\/www.europesays.com\/fr\/wp-json\/wp\/v2\/media\/333827"}],"wp:attachment":[{"href":"https:\/\/www.europesays.com\/fr\/wp-json\/wp\/v2\/media?parent=333826"}],"wp:term":[{"taxonomy":"category","embeddable":true,"href":"https:\/\/www.europesays.com\/fr\/wp-json\/wp\/v2\/categories?post=333826"},{"taxonomy":"post_tag","embeddable":true,"href":"https:\/\/www.europesays.com\/fr\/wp-json\/wp\/v2\/tags?post=333826"}],"curies":[{"name":"wp","href":"https:\/\/api.w.org\/{rel}","templated":true}]}}