{"id":333830,"date":"2025-08-21T12:03:18","date_gmt":"2025-08-21T12:03:18","guid":{"rendered":"https:\/\/www.europesays.com\/fr\/333830\/"},"modified":"2025-08-21T12:03:18","modified_gmt":"2025-08-21T12:03:18","slug":"brigitte-macron-a-eu-un-veritable-coup-de-coeur-decouvrez-la-maison-quemmanuel-macron-et-la-premiere-dame-viennent-dacheter","status":"publish","type":"post","link":"https:\/\/www.europesays.com\/fr\/333830\/","title":{"rendered":"Brigitte Macron a eu un \u00ab\u00a0v\u00e9ritable coup de c\u0153ur\u00a0\u00bb\u00a0: d\u00e9couvrez la maison qu\u2019Emmanuel Macron et la Premi\u00e8re dame viennent d\u2019acheter"},"content":{"rendered":"<p>\n                                                                Une b\u00e2tisse du Touquet vient de trouver de nouveaux propri\u00e9taires, et il ne s\u2019agit de nul autre que le couple pr\u00e9sidentiel. Les rumeurs se confirment\u00a0: Emmanuel et Brigitte Macron vont bien lancer une s\u00e9rie de travaux dans leur maison fra\u00eechement acquise dans un autre quartier de la ville baln\u00e9aire.\n                            <\/p>\n<p>Le couple pr\u00e9sidentiel souhaitait se rapprocher de la mer\u00a0: c\u2019est chose faite. Emmanuel et Brigitte Macron vont bel et bien poser leurs cartons au 67, boulevard du docteur Jules-Pouget, au Touquet, dans le Pas-de-Calais.<\/p>\n<p>En f\u00e9vrier dernier, Marianne et <a href=\"https:\/\/www.midilibre.fr\/2025\/02\/07\/emmanuel-et-brigitte-macron-vendent-leur-maison-au-touquet-quest-ce-que-le-triangle-dor-sur-lequel-le-couple-presidentiel-aurait-flashe-12498240.php\" target=\"_blank\" rel=\"nofollow noopener\">Le Figaro immobilier<\/a> annon\u00e7aient que leur maison, la villa Mon\u00e9jan, propri\u00e9t\u00e9 de la famille Trogneux, avait possiblement \u00e9t\u00e9 vendue.\u00a0La vente n\u2019a pas encore \u00e9t\u00e9 act\u00e9e, note au final, ce jeudi 21\u00a0ao\u00fbt 2025, <a href=\"https:\/\/immobilier.lefigaro.fr\/article\/voila-a-quoi-ressemble-la-nouvelle-villa-d-emmanuel-et-de-brigitte-macron-au-touquet-20250821\/\" target=\"_blank\" rel=\"nofollow noopener\">Le Figaro<\/a>.<\/p>\n<p>Un panneau de construire confirme l\u2019acquisition<\/p>\n<p>Toujours est-il que le couple quitte bien le 16, avenue Saint-Jean, et s\u2019installe dans ce nouveau logis, l\u2019un des deux \u00ab\u00a0v\u00e9ritable [s] coup [s] de c\u0153ur\u00a0\u00bb de la Premi\u00e8re Dame, <a href=\"https:\/\/www.midilibre.fr\/2025\/02\/07\/emmanuel-et-brigitte-macron-vendent-leur-maison-au-touquet-quest-ce-que-le-triangle-dor-sur-lequel-le-couple-presidentiel-aurait-flashe-12498240.php\" target=\"_blank\" rel=\"nofollow noopener\">reprenions-nous dans nos colonnes<\/a>.<\/p>\n<p>        <img decoding=\"async\" class=\"std-img__img responsive-img\" src=\"https:\/\/www.europesays.com\/fr\/wp-content\/uploads\/2025\/08\/1755777798_185_image.png\" alt=\"La nouvelle propri\u00e9t\u00e9 du couple pr\u00e9sidentiel, quoique serr\u00e9e entre deux autres b\u00e2tisses, se distingue par ses briques rouges.\"\/><\/p>\n<p>                La nouvelle propri\u00e9t\u00e9 du couple pr\u00e9sidentiel, quoique serr\u00e9e entre deux autres b\u00e2tisses, se distingue par ses briques rouges.<br \/>\n                                    Google Maps<\/p>\n<p><a href=\"https:\/\/immobilier.lefigaro.fr\/article\/voila-a-quoi-ressemble-la-nouvelle-villa-d-emmanuel-et-de-brigitte-macron-au-touquet-20250821\/\" target=\"_blank\" rel=\"nofollow noopener\">Le Figaro immobilier<\/a>\u00a0a pour preuve la pr\u00e9sence d\u2019un panneau qui, au num\u00e9ro\u00a067, mentionne un permis de construire d\u00e9livr\u00e9 \u00e0\u00a0la Soci\u00e9t\u00e9 civile immobili\u00e8re (SCI) Bremselati. Ce permis permet l\u2019extension et la r\u00e9novation\u00a0de la demeure aux briques rouges.<\/p>\n<p>Une SCI dont le si\u00e8ge social est \u2013 dans le mille\u00a0! \u2013 le 16, avenue Saint-Jean.\u00a0Appartenant \u00e0 Brigitte Macron, elle est aussi d\u00e9tenue par Emmanuel Macron\u00a0et les enfants de la Premi\u00e8re dame. Le pr\u00e9sident de la R\u00e9publique devient donc, pour la premi\u00e8re fois, propri\u00e9taire.<\/p>\n<p>\u00ab\u00a0Selon des sources qui souhaitent rester anonymes, la transaction aurait eu lieu en direct, sans passer par une agence immobili\u00e8re\u00a0\u00bb, ajoute Le Figaro immobilier. Pour ce qui est du devenir de\u00a0l\u2019ex-propri\u00e9t\u00e9 familiale, affaire \u00e0 suivre.<\/p>\n","protected":false},"excerpt":{"rendered":"Une b\u00e2tisse du Touquet vient de trouver de nouveaux propri\u00e9taires, et il ne s\u2019agit de nul autre que&hellip;\n","protected":false},"author":2,"featured_media":333831,"comment_status":"","ping_status":"","sticky":false,"template":"","format":"standard","meta":{"footnotes":""},"categories":[1586],"tags":[11,1777,674,1779,1011,27,12,25,1778,364],"class_list":{"0":"post-333830","1":"post","2":"type-post","3":"status-publish","4":"format-standard","5":"has-post-thumbnail","7":"category-europe","8":"tag-actualites","9":"tag-eu","10":"tag-europe","11":"tag-european-union","12":"tag-fr","13":"tag-france","14":"tag-news","15":"tag-republique-francaise","16":"tag-ue","17":"tag-union-europeenne"},"share_on_mastodon":{"url":"https:\/\/pubeurope.com\/@fr\/115066660974698919","error":""},"_links":{"self":[{"href":"https:\/\/www.europesays.com\/fr\/wp-json\/wp\/v2\/posts\/333830","targetHints":{"allow":["GET"]}}],"collection":[{"href":"https:\/\/www.europesays.com\/fr\/wp-json\/wp\/v2\/posts"}],"about":[{"href":"https:\/\/www.europesays.com\/fr\/wp-json\/wp\/v2\/types\/post"}],"author":[{"embeddable":true,"href":"https:\/\/www.europesays.com\/fr\/wp-json\/wp\/v2\/users\/2"}],"replies":[{"embeddable":true,"href":"https:\/\/www.europesays.com\/fr\/wp-json\/wp\/v2\/comments?post=333830"}],"version-history":[{"count":0,"href":"https:\/\/www.europesays.com\/fr\/wp-json\/wp\/v2\/posts\/333830\/revisions"}],"wp:featuredmedia":[{"embeddable":true,"href":"https:\/\/www.europesays.com\/fr\/wp-json\/wp\/v2\/media\/333831"}],"wp:attachment":[{"href":"https:\/\/www.europesays.com\/fr\/wp-json\/wp\/v2\/media?parent=333830"}],"wp:term":[{"taxonomy":"category","embeddable":true,"href":"https:\/\/www.europesays.com\/fr\/wp-json\/wp\/v2\/categories?post=333830"},{"taxonomy":"post_tag","embeddable":true,"href":"https:\/\/www.europesays.com\/fr\/wp-json\/wp\/v2\/tags?post=333830"}],"curies":[{"name":"wp","href":"https:\/\/api.w.org\/{rel}","templated":true}]}}