{"id":333832,"date":"2025-08-21T12:04:11","date_gmt":"2025-08-21T12:04:11","guid":{"rendered":"https:\/\/www.europesays.com\/fr\/333832\/"},"modified":"2025-08-21T12:04:11","modified_gmt":"2025-08-21T12:04:11","slug":"qui-sont-safine-et-narutovie-les-streamers-presents-au-moment-de-son-deces","status":"publish","type":"post","link":"https:\/\/www.europesays.com\/fr\/333832\/","title":{"rendered":"Qui sont Safine et Narutovie, les streamers pr\u00e9sents au moment de son d\u00e9c\u00e8s\u00a0?"},"content":{"rendered":"<p>Pour certains proches, <a href=\"https:\/\/www.20minutes.fr\/high-tech\/by-the-web\/4168490-20250819-jean-pormanove-streamer-decede-live\" target=\"_blank\" class=\"c-link c-link--is-underlined\" rel=\"nofollow noopener\">Jean Pormanove<\/a>, de son vrai nom Rapha\u00ebl Graven, vivait \u00ab\u00a0sa meilleure vie\u00a0\u00bb dans le sud de la France depuis qu\u2019il avait rencontr\u00e9, il y a cinq ans, Safine et Narutovie, ses partenaires de streaming. Des partenaires qui pourtant, passaient leur temps <a href=\"https:\/\/www.20minutes.fr\/high-tech\/by-the-web\/4168522-20250820-mort-jean-pormanove-humiliations-direct-reseaux-devenues-tendance-legal\" target=\"_blank\" class=\"c-link c-link--is-underlined\" rel=\"nofollow noopener\">\u00e0 l\u2019humilier et \u00e0 le frapper<\/a> dans l\u2019espoir de grappiller plus d\u2019audience et de revenus sur la plateforme de streaming Kick. Si leurs vid\u00e9os \u00e9taient suivies par plus de 190.000 abonn\u00e9s, on en sait finalement assez peu sur Safine et Narutovie.<\/p>\n<\/p>\n<p>D\u2019apr\u00e8s le t\u00e9moignage d\u2019un proche de Narutovie recueilli par l\u2019AFP, c\u2019est ce dernier qui aurait propos\u00e9 \u00e0 Jean Pormanove de le rejoindre \u00e0 Drap dans les <a href=\"https:\/\/www.20minutes.fr\/societe\/alpes-maritimes\/\" class=\"c-link c-link--is-underlined\" rel=\"nofollow noopener\" target=\"_blank\">Alpes-Maritimes<\/a> apr\u00e8s l\u2019avoir rep\u00e9r\u00e9 gr\u00e2ce \u00e0 ses vid\u00e9os de gaming (et ses spectaculaires col\u00e8res) sur YouTube. Si sa cha\u00eene Kick a \u00e9t\u00e9 d\u00e9sactiv\u00e9e, on peut toujours acc\u00e9der \u00e0 sa cha\u00eene YouTube qui r\u00e9unit 51.000 abonn\u00e9s mais propose seulement 46 vid\u00e9os dont la plus r\u00e9cente a \u00e9t\u00e9 post\u00e9e il y a trois mois. Narutovie y partageait ses vacances au Maroc ou en Turquie avec ses amis streamers ainsi que de nombreux \u00ab\u00a0best-of\u00a0\u00bb de parties de jeux vid\u00e9o o\u00f9 les insultes fusaient plus vite qu\u2019une course sur Gran Turismo. Il \u00e9tait aussi actif sur TikTok depuis\u00a02022.<\/p>\n<p>Une enqu\u00eate ouverte en\u00a02024<\/p>\n<p>Sur son compte Instagram, Narutovie r\u00e9v\u00e8le son v\u00e9ritable nom, Owen Cenazandotti. Ce dernier est n\u00e9 le 16\u00a0octobre 1998 \u00e0 <a href=\"https:\/\/www.20minutes.fr\/nice\/\" class=\"c-link c-link--is-underlined\" rel=\"nofollow noopener\" target=\"_blank\">Nice<\/a>. Depuis le 26\u00a0septembre 2024, il \u00e9tait pr\u00e9sident de la soci\u00e9t\u00e9 Lelokal bas\u00e9 \u00e0 Contes (Alpes-Maritimes) sp\u00e9cialis\u00e9 en \u00ab\u00a0Programmation, conseil et autres activit\u00e9s informatiques\u00a0\u00bb. Le lokal \u00e9tait justement le nom du studio de stream o\u00f9 se d\u00e9roulaient la plupart des vid\u00e9os avec Jean Pormanove et Safine. Ce dernier dit avoir 23 ans sur son compte Instagram. De son vrai nom Safine Hamadi, il est aussi originaire de Nice o\u00f9 il a grandi dans les quartiers populaires.<\/p>\n<p>Un autre personnage appara\u00eet aussi dans les nombreuses vid\u00e9os, il s\u2019agit de Coudoux, un streamer handicap\u00e9 pr\u00e9sent\u00e9 comme un ancien fan ayant rejoint le groupe mais dont on ignore aussi presque tout. Comme Jean Permanove, il \u00e9tait victime de brimades et violences. Ils avaient tous deux \u00e9t\u00e9 entendus par la police judiciaire de Nice en d\u00e9cembre\u00a02024 dans le cadre d\u2019une enqu\u00eate pour \u00ab\u00a0violences volontaires en r\u00e9union sur personnes vuln\u00e9rables [\u2026] et diffusion d\u2019enregistrement d\u2019images relatives \u00e0 la commission d\u2019infractions d\u2019atteintes volontaires \u00e0 l\u2019int\u00e9grit\u00e9 de la personne\u00a0\u00bb suite \u00e0 une enqu\u00eate de Mediapart. Narutovie et Safine avaient \u00e9t\u00e9 plac\u00e9s en garde \u00e0 vue en janvier\u00a02025.<\/p>\n","protected":false},"excerpt":{"rendered":"Pour certains proches, Jean Pormanove, de son vrai nom Rapha\u00ebl Graven, vivait \u00ab\u00a0sa meilleure vie\u00a0\u00bb dans le sud&hellip;\n","protected":false},"author":2,"featured_media":333833,"comment_status":"","ping_status":"","sticky":false,"template":"","format":"standard","meta":{"footnotes":""},"categories":[2],"tags":[11,7904,9001,1011,27,3668,142,303,12,25,104,128,809],"class_list":{"0":"post-333832","1":"post","2":"type-post","3":"status-publish","4":"format-standard","5":"has-post-thumbnail","7":"category-actualites","8":"tag-actualites","9":"tag-by-the-web","10":"tag-cyberharcelement","11":"tag-fr","12":"tag-france","13":"tag-harcelement","14":"tag-high-tech","15":"tag-justice","16":"tag-news","17":"tag-republique-francaise","18":"tag-societe","19":"tag-streaming","20":"tag-violence"},"share_on_mastodon":{"url":"https:\/\/pubeurope.com\/@fr\/115066664724107521","error":""},"_links":{"self":[{"href":"https:\/\/www.europesays.com\/fr\/wp-json\/wp\/v2\/posts\/333832","targetHints":{"allow":["GET"]}}],"collection":[{"href":"https:\/\/www.europesays.com\/fr\/wp-json\/wp\/v2\/posts"}],"about":[{"href":"https:\/\/www.europesays.com\/fr\/wp-json\/wp\/v2\/types\/post"}],"author":[{"embeddable":true,"href":"https:\/\/www.europesays.com\/fr\/wp-json\/wp\/v2\/users\/2"}],"replies":[{"embeddable":true,"href":"https:\/\/www.europesays.com\/fr\/wp-json\/wp\/v2\/comments?post=333832"}],"version-history":[{"count":0,"href":"https:\/\/www.europesays.com\/fr\/wp-json\/wp\/v2\/posts\/333832\/revisions"}],"wp:featuredmedia":[{"embeddable":true,"href":"https:\/\/www.europesays.com\/fr\/wp-json\/wp\/v2\/media\/333833"}],"wp:attachment":[{"href":"https:\/\/www.europesays.com\/fr\/wp-json\/wp\/v2\/media?parent=333832"}],"wp:term":[{"taxonomy":"category","embeddable":true,"href":"https:\/\/www.europesays.com\/fr\/wp-json\/wp\/v2\/categories?post=333832"},{"taxonomy":"post_tag","embeddable":true,"href":"https:\/\/www.europesays.com\/fr\/wp-json\/wp\/v2\/tags?post=333832"}],"curies":[{"name":"wp","href":"https:\/\/api.w.org\/{rel}","templated":true}]}}