{"id":333837,"date":"2025-08-21T12:07:12","date_gmt":"2025-08-21T12:07:12","guid":{"rendered":"https:\/\/www.europesays.com\/fr\/333837\/"},"modified":"2025-08-21T12:07:12","modified_gmt":"2025-08-21T12:07:12","slug":"7000-pour-la-fondation-jennely-germain-grace-au-tournoi-de-golf-chasse-mercier","status":"publish","type":"post","link":"https:\/\/www.europesays.com\/fr\/333837\/","title":{"rendered":"7000$ pour la Fondation Jennely Germain gr\u00e2ce au tournoi de golf Chass\u00e9-Mercier"},"content":{"rendered":"<p> <img decoding=\"async\" class=\"lazyload\" src=\"https:\/\/www.europesays.com\/fr\/wp-content\/uploads\/2025\/08\/515954981_1531090314937800_3772607794144839509_n-678x381.jpg\" alt=\"\" title=\"515954981_1531090314937800_3772607794144839509_n\"\/>Pierre Chass\u00e9 et Michel Germain (Photo courtoisie Michel Germain &#8211; Facebook)<\/p>\n<p><strong>L\u2019organisation du tournoi de golf Chass\u00e9-Mercier, qui a eu lieu en juin dernier au club des Saules de Rimouski, a remis en d\u00e9but de semaine un ch\u00e8que d\u2019une valeur de 7000$ \u00e0 la Fondation Jennely Germain.<\/strong><\/p>\n<p>La remise a \u00e9t\u00e9 faite par Pierre Chass\u00e9 de chez Puribec, en pr\u00e9sence du pr\u00e9sident du conseil d\u2019administration de la Fondation, Michel Germain.<\/p>\n<p>Il s\u2019agit d\u2019un don record pour l\u2019organisme qui a pour mission de combattre la malnutrition infantile\u00a0dans la Vall\u00e9e de La Matap\u00e9dia et \u00e0 Rimouski.<\/p>\n<p>La moiti\u00e9 du montant, soit 3500$, sera remis directement \u00e0 Moisson Rimouski-Neigette.<\/p>\n","protected":false},"excerpt":{"rendered":"Pierre Chass\u00e9 et Michel Germain (Photo courtoisie Michel Germain &#8211; Facebook) L\u2019organisation du tournoi de golf Chass\u00e9-Mercier, qui&hellip;\n","protected":false},"author":2,"featured_media":333838,"comment_status":"","ping_status":"","sticky":false,"template":"","format":"standard","meta":{"footnotes":""},"categories":[1418],"tags":[1011,27,1472,60],"class_list":{"0":"post-333837","1":"post","2":"type-post","3":"status-publish","4":"format-standard","5":"has-post-thumbnail","7":"category-golf","8":"tag-fr","9":"tag-france","10":"tag-golf","11":"tag-sports"},"share_on_mastodon":{"url":"https:\/\/pubeurope.com\/@fr\/115066676450405178","error":""},"_links":{"self":[{"href":"https:\/\/www.europesays.com\/fr\/wp-json\/wp\/v2\/posts\/333837","targetHints":{"allow":["GET"]}}],"collection":[{"href":"https:\/\/www.europesays.com\/fr\/wp-json\/wp\/v2\/posts"}],"about":[{"href":"https:\/\/www.europesays.com\/fr\/wp-json\/wp\/v2\/types\/post"}],"author":[{"embeddable":true,"href":"https:\/\/www.europesays.com\/fr\/wp-json\/wp\/v2\/users\/2"}],"replies":[{"embeddable":true,"href":"https:\/\/www.europesays.com\/fr\/wp-json\/wp\/v2\/comments?post=333837"}],"version-history":[{"count":0,"href":"https:\/\/www.europesays.com\/fr\/wp-json\/wp\/v2\/posts\/333837\/revisions"}],"wp:featuredmedia":[{"embeddable":true,"href":"https:\/\/www.europesays.com\/fr\/wp-json\/wp\/v2\/media\/333838"}],"wp:attachment":[{"href":"https:\/\/www.europesays.com\/fr\/wp-json\/wp\/v2\/media?parent=333837"}],"wp:term":[{"taxonomy":"category","embeddable":true,"href":"https:\/\/www.europesays.com\/fr\/wp-json\/wp\/v2\/categories?post=333837"},{"taxonomy":"post_tag","embeddable":true,"href":"https:\/\/www.europesays.com\/fr\/wp-json\/wp\/v2\/tags?post=333837"}],"curies":[{"name":"wp","href":"https:\/\/api.w.org\/{rel}","templated":true}]}}