{"id":333839,"date":"2025-08-21T12:08:17","date_gmt":"2025-08-21T12:08:17","guid":{"rendered":"https:\/\/www.europesays.com\/fr\/333839\/"},"modified":"2025-08-21T12:08:17","modified_gmt":"2025-08-21T12:08:17","slug":"les-abonnements-aux-matchs-de-volley-des-centurions-narbonne-sont-lances","status":"publish","type":"post","link":"https:\/\/www.europesays.com\/fr\/333839\/","title":{"rendered":"Les abonnements aux matchs de volley des Centurions Narbonne sont lanc\u00e9s"},"content":{"rendered":"<p>\n                                                                La campagne de r\u00e9abonnements aux matchs des Centurions Narbonne a d\u00e9but\u00e9 ce lundi 18 ao\u00fbt. Celle des nouveaux abonnements prendra le relais du 6 septembre.\n                            <\/p>\n<p>La campagne d&rsquo;abonnements pour les matchs des Centurions Narbonne en Ligue A masculine, l&rsquo;\u00e9lite du volley fran\u00e7ais, a d\u00e9but\u00e9 ce lundi 18 ao\u00fbt. \u00catre abonn\u00e9 signifie que sa place est garantie pour tous les matchs \u00e0 domicile et que la course aux billets n&rsquo;a plus lieu d&rsquo;\u00eatre. Il s&rsquo;agit par ailleurs de\u00a0la solution la plus \u00e9conomique pour ne rien rater.<br \/>Cette solution offre en outre des avantages exclusifs : acc\u00e8s prioritaire, r\u00e9ductions, surprises\u2026 Le club a tout\u00a0pr\u00e9vu pour ses\u00a0abonn\u00e9s en effet.\u00a0<\/p>\n<p>Cette campagne d&rsquo;abonnements\u00a0pour la saison 2025-2026 s&rsquo;ouvre par les r\u00e9abonnements, lesquels s&rsquo;effectuent entre le 18 ao\u00fbt et le 5 septembre, au si\u00e8ge du club (chapiteau du Palais du travail boulevard Fr\u00e9d\u00e9ric-Mistral, ouvert du lundi au vendredi\u00a0de 9h \u00e0 12h et de 14h \u00e0 18h,\u00a0t\u00e9l.\u00a006 26 58 74 43).\u00a0<\/p>\n<p>La campagne destin\u00e9e aux nouveaux abonnements s&rsquo;\u00e9tagera, elle, du\u00a06 septembre au 17 octobre au si\u00e8ge du club et en ligne (sur narbonnevolley.com\/abonnement\/).<\/p>\n<p>Deux types de formule sont possible. Pour 120 euros, l&rsquo;abonnement classique offre l&rsquo;acc\u00e8s \u00e0 tous les matchs de la saison r\u00e9guli\u00e8re de la Marmara Spikeligue \u00e0 la Narbonne Arena, une place attitr\u00e9e, un tarif pr\u00e9f\u00e9rentiel pour les \u00e9ventuels play-offs et pour la Coupe de France, une \u00e9charpe, une remise de 10% au corner Centurions Narbonne, un abonnement (full) \u00e0 la\u00a0LNV TV et une soir\u00e9e pour les abonn\u00e9s. Pour 200 euros, l&rsquo;offre famille (en duo, parent\/enfant ou couple) donne acc\u00e8s aux m\u00eames avantages.<\/p>\n<p>Il existe \u00e9galement un abonnement possible pour les moins de 6 ans, gratuit (seule la place est comprise, is le pas les autres avantages).<\/p>\n<p>Possibilit\u00e9 de paiement par mandat SEPA en 6 fois sans frais,\u00a0disponible uniquement au si\u00e8ge du club.<\/p>\n","protected":false},"excerpt":{"rendered":"La campagne de r\u00e9abonnements aux matchs des Centurions Narbonne a d\u00e9but\u00e9 ce lundi 18 ao\u00fbt. Celle des nouveaux&hellip;\n","protected":false},"author":2,"featured_media":333840,"comment_status":"","ping_status":"","sticky":false,"template":"","format":"standard","meta":{"footnotes":""},"categories":[1417],"tags":[1011,27,60,1470,1469],"class_list":{"0":"post-333839","1":"post","2":"type-post","3":"status-publish","4":"format-standard","5":"has-post-thumbnail","7":"category-volley","8":"tag-fr","9":"tag-france","10":"tag-sports","11":"tag-volley","12":"tag-volleyball"},"share_on_mastodon":{"url":"https:\/\/pubeurope.com\/@fr\/115066680443897683","error":""},"_links":{"self":[{"href":"https:\/\/www.europesays.com\/fr\/wp-json\/wp\/v2\/posts\/333839","targetHints":{"allow":["GET"]}}],"collection":[{"href":"https:\/\/www.europesays.com\/fr\/wp-json\/wp\/v2\/posts"}],"about":[{"href":"https:\/\/www.europesays.com\/fr\/wp-json\/wp\/v2\/types\/post"}],"author":[{"embeddable":true,"href":"https:\/\/www.europesays.com\/fr\/wp-json\/wp\/v2\/users\/2"}],"replies":[{"embeddable":true,"href":"https:\/\/www.europesays.com\/fr\/wp-json\/wp\/v2\/comments?post=333839"}],"version-history":[{"count":0,"href":"https:\/\/www.europesays.com\/fr\/wp-json\/wp\/v2\/posts\/333839\/revisions"}],"wp:featuredmedia":[{"embeddable":true,"href":"https:\/\/www.europesays.com\/fr\/wp-json\/wp\/v2\/media\/333840"}],"wp:attachment":[{"href":"https:\/\/www.europesays.com\/fr\/wp-json\/wp\/v2\/media?parent=333839"}],"wp:term":[{"taxonomy":"category","embeddable":true,"href":"https:\/\/www.europesays.com\/fr\/wp-json\/wp\/v2\/categories?post=333839"},{"taxonomy":"post_tag","embeddable":true,"href":"https:\/\/www.europesays.com\/fr\/wp-json\/wp\/v2\/tags?post=333839"}],"curies":[{"name":"wp","href":"https:\/\/api.w.org\/{rel}","templated":true}]}}