{"id":333845,"date":"2025-08-21T12:12:14","date_gmt":"2025-08-21T12:12:14","guid":{"rendered":"https:\/\/www.europesays.com\/fr\/333845\/"},"modified":"2025-08-21T12:12:14","modified_gmt":"2025-08-21T12:12:14","slug":"aleix-espargaro-se-blesse-encore-a-velo-et-declare-forfait-en-hongrie","status":"publish","type":"post","link":"https:\/\/www.europesays.com\/fr\/333845\/","title":{"rendered":"Aleix Espargar\u00f3 se blesse encore \u00e0 v\u00e9lo et d\u00e9clare forfait en Hongrie"},"content":{"rendered":"<p>Les fr\u00e8res Espargar\u00f3 ne seront finalement pas r\u00e9unis en piste au Balaton Park. Alors que <a href=\"https:\/\/fr.motorsport.com\/driver\/pol-espargaro\/94345\/\" target=\"_blank\" rel=\"noopener\">Pol Espargar\u00f3<\/a> va rouler pour Tech3 pour remplacer <a href=\"https:\/\/fr.motorsport.com\/driver\/maverick-vinales\/96553\/\" target=\"_blank\" rel=\"noopener\">Maverick Vi\u00f1ales<\/a>, encore <a href=\"https:\/\/fr.motorsport.com\/motogp\/news\/maverick-vinales-forfait-gp-hongrie\/10751205\/\" target=\"_blank\" rel=\"noopener\">trop diminu\u00e9 par son \u00e9paule gauche<\/a>, <a href=\"https:\/\/fr.motorsport.com\/driver\/aleix-espargaro\/90382\/\" target=\"_blank\" rel=\"noopener\">Aleix Espargar\u00f3<\/a> devait <a href=\"https:\/\/fr.motorsport.com\/motogp\/news\/lcr-forfait-chantra-autriche-espargaro-hongrie\/10750399\/\" target=\"_blank\" rel=\"noopener\">faire \u00e9quipe<\/a> avec <a href=\"https:\/\/fr.motorsport.com\/driver\/johann-zarco\/96107\/\" target=\"_blank\" rel=\"noopener\">Johann Zarco<\/a> chez LCR, sur la moto d&rsquo;un <a href=\"https:\/\/fr.motorsport.com\/driver\/somkiat-chantra\/823104\/\" target=\"_blank\" rel=\"noopener\">Somkiat Chantra<\/a> encore convalescent&#8230; mais il s&rsquo;est de nouveau bless\u00e9.<\/p>\n<p>Grand passionn\u00e9 de cyclisme, le Catalan a int\u00e9gr\u00e9 <a href=\"https:\/\/fr.motorsport.com\/motogp\/news\/aleix-espargaro-blesse-debuts-cycliste-professionnel\/10741345\/\" target=\"_blank\" rel=\"noopener\">l&rsquo;\u00e9quipe professionnelle Lidl Trek<\/a> cette ann\u00e9e et, lors de la premi\u00e8re course \u00e0 laquelle il a pris part, le Tour d&rsquo;Autriche, il s&rsquo;est <a href=\"https:\/\/fr.motorsport.com\/motogp\/news\/aleix-espargaro-blesse-debuts-cycliste-professionnel\/10741345\/\" target=\"_blank\" rel=\"noopener\">bless\u00e9 au niveau de la main<\/a>. Il \u00e9tait suffisamment remis pour rouler au Balaton Park, jusqu&rsquo;\u00e0 une nouvelle chute lors de son entra\u00eenement en Andorre.<\/p>\n<p>Espargar\u00f3 a fait le d\u00e9placement vers la Hongrie, en partageant un avion avec son grand ami <a href=\"https:\/\/fr.motorsport.com\/driver\/jorge-martin\/109391\/\" target=\"_blank\" rel=\"noopener\">Jorge Mart\u00edn<\/a>, pour finalement d\u00e9clarer forfait. \u00ab\u00a0Malheureusement, Aleix a chut\u00e9 \u00e0 v\u00e9lo il y a quelques jours\u00a0\u00bb, a confirm\u00e9 l&rsquo;\u00e9quipe LCR. \u00ab\u00a0M\u00eame si cela semblait mineur dans un premier temps, il est arriv\u00e9 sur le circuit avec une forte douleur au dos jeudi matin. Des examens ont r\u00e9v\u00e9l\u00e9 que sa vert\u00e8bre L3 \u00e9tait touch\u00e9e. Il rentre \u00e0 Barcelone pour passer des examens suppl\u00e9mentaires \u00e0 l&rsquo;H\u00f4pital Universitaire Dexeus. En raison des circonstances, Somkiat Chantra ne sera pas remplac\u00e9 ce week-end.\u00a0\u00bb<\/p>\n<p>La valse des rempla\u00e7ants bless\u00e9s<\/p>\n<p>Les pilotes amen\u00e9s \u00e0 piloter la seconde Honda de l&rsquo;\u00e9quipe LCR font face \u00e0 une spectaculaire s\u00e9rie de blessures ces derni\u00e8res semaines. Touch\u00e9 au\u00a0ligament collat\u00e9ral fibulaire du genou droit apr\u00e8s une chute \u00e0 motocross, Somkiat Chantra est sur la touche depuis le d\u00e9but du mois de juillet et n&rsquo;a pas \u00e9t\u00e9 remplac\u00e9 au Sachsenring. <a href=\"https:\/\/fr.motorsport.com\/driver\/takaaki-nakagami\/109418\/\" target=\"_blank\" rel=\"noopener\">Takaaki Nakagami<\/a> a assur\u00e9 l&rsquo;int\u00e9rim au Grand Prix de R\u00e9publique tch\u00e8que, o\u00f9 il <a href=\"https:\/\/fr.motorsport.com\/motogp\/news\/nakagami-blesse-genou-accident-fernandez\/10743458\/\" target=\"_blank\" rel=\"noopener\">s&rsquo;est bless\u00e9 \u00e0 son tour<\/a>, une chute en course sprint ayant entra\u00een\u00e9 une d\u00e9chirure du ligament crois\u00e9 post\u00e9rieur du genou droit.<\/p>\n<p>   <img decoding=\"async\" draggable=\"false\" src=\"https:\/\/www.europesays.com\/fr\/wp-content\/uploads\/2025\/08\/brno-czech-republic-july-19-ta.jpg\" alt=\"Takaaki Nakagami, Team LCR Honda \" width=\"1200\" height=\"800\" loading=\"lazy\"\/> <\/p>\n<p class=\"title\">Takaaki Nakagami n&rsquo;a pas pu faire un week-end entier avant de se blesser.<\/p>\n<p class=\"photographer\">Photo de: Gold and Goose Photography \/ LAT Images \/ via Getty Images<\/p>\n<p>Aleix Espargar\u00f3 \u00e9tait d\u00e9j\u00e0 bless\u00e9 et c&rsquo;est <a href=\"https:\/\/fr.motorsport.com\/driver\/iker-lecuona\/442192\/\" target=\"_blank\" rel=\"noopener\">Iker Lecuona<\/a>, align\u00e9 par Honda en WorldSBK, qui devait prendre la suite apr\u00e8s la pause estivale&#8230; mais il a lui aussi <a href=\"https:\/\/fr.motorsport.com\/motogp\/news\/lecuona-blesse-xavi-vierge-remplacer-8h-suzuka\/10745755\/\" target=\"_blank\" rel=\"noopener\">rejoint l&rsquo;infirmerie lorsque son championnat s&rsquo;est rendu au Balaton Park<\/a>, avec une fracture du poignet, cons\u00e9quence d&rsquo;une chute. Faute de pilote suffisamment exp\u00e9riment\u00e9, LCR a d\u00fb renoncer \u00e0 aligner sa seconde moto en Autriche.<\/p>\n<p>La valse des rempla\u00e7ants eux-m\u00eames bless\u00e9s devrait prendre fin puisque l&rsquo;\u00e9quipe compte aligner Somkiat Chantra au Grand Prix de Catalogne, prochaine manche au calendrier dans deux semaines.<\/p>\n<p>\u00ab\u00a0Somkiat s&rsquo;est repos\u00e9 pendant deux semaines dans son pays natal, mais il n&rsquo;a pas cess\u00e9 le travail sur sa convalescence\u00a0\u00bb, a confi\u00e9 Lucio Cecchinello, patron de LCR, \u00e0 <strong>Motorsport.com<\/strong> ce jeudi. \u00ab\u00a0Ces derniers jours, il travaille avec plusieurs machines pour acc\u00e9l\u00e9rer le processus.\u00a0Le plan est qu&rsquo;il soit sur une moto lors de la premi\u00e8re semaine du mois de septembre, en dirt track ou sur une 600\u00a0cc sur un petit circuit, pour voir ses sensations. Le but est qu&rsquo;il fasse son retour \u00e0 Barcelone.\u00a0\u00bb<\/p>\n<p style=\"text-align: right;\">Propos recueillis par Germ\u00e1n Garcia Casanova<\/p>\n<p>Lire aussi :<\/p>\n<p>Dans cet article<\/p>\n<p>Soyez le premier inform\u00e9 et souscrivez aux alertes mails pour recevoir les infos en temps r\u00e9el<\/p>\n<p>    S&rsquo;abonner aux alertes de news<\/p>\n","protected":false},"excerpt":{"rendered":"Les fr\u00e8res Espargar\u00f3 ne seront finalement pas r\u00e9unis en piste au Balaton Park. Alors que Pol Espargar\u00f3 va&hellip;\n","protected":false},"author":2,"featured_media":333846,"comment_status":"","ping_status":"","sticky":false,"template":"","format":"standard","meta":{"footnotes":""},"categories":[1413],"tags":[16819,47105,21747,1011,27,21746,1457,1456,1458,16689,60,3771],"class_list":{"0":"post-333845","1":"post","2":"type-post","3":"status-publish","4":"format-standard","5":"has-post-thumbnail","7":"category-moto","8":"tag-aleix-espargaru00f3","9":"tag-aleix-espargaru00f3-se-blesse-encore-u00e0-vu00e9lo-et-du00e9clare-forfait-en-hongrie","10":"tag-balaton-park","11":"tag-fr","12":"tag-france","13":"tag-gp-de-hongrie","14":"tag-moto","15":"tag-motocycle","16":"tag-motogp","17":"tag-somkiat-chantra","18":"tag-sports","19":"tag-team-lcr"},"share_on_mastodon":{"url":"https:\/\/pubeurope.com\/@fr\/115066696691689876","error":""},"_links":{"self":[{"href":"https:\/\/www.europesays.com\/fr\/wp-json\/wp\/v2\/posts\/333845","targetHints":{"allow":["GET"]}}],"collection":[{"href":"https:\/\/www.europesays.com\/fr\/wp-json\/wp\/v2\/posts"}],"about":[{"href":"https:\/\/www.europesays.com\/fr\/wp-json\/wp\/v2\/types\/post"}],"author":[{"embeddable":true,"href":"https:\/\/www.europesays.com\/fr\/wp-json\/wp\/v2\/users\/2"}],"replies":[{"embeddable":true,"href":"https:\/\/www.europesays.com\/fr\/wp-json\/wp\/v2\/comments?post=333845"}],"version-history":[{"count":0,"href":"https:\/\/www.europesays.com\/fr\/wp-json\/wp\/v2\/posts\/333845\/revisions"}],"wp:featuredmedia":[{"embeddable":true,"href":"https:\/\/www.europesays.com\/fr\/wp-json\/wp\/v2\/media\/333846"}],"wp:attachment":[{"href":"https:\/\/www.europesays.com\/fr\/wp-json\/wp\/v2\/media?parent=333845"}],"wp:term":[{"taxonomy":"category","embeddable":true,"href":"https:\/\/www.europesays.com\/fr\/wp-json\/wp\/v2\/categories?post=333845"},{"taxonomy":"post_tag","embeddable":true,"href":"https:\/\/www.europesays.com\/fr\/wp-json\/wp\/v2\/tags?post=333845"}],"curies":[{"name":"wp","href":"https:\/\/api.w.org\/{rel}","templated":true}]}}