{"id":333849,"date":"2025-08-21T12:14:12","date_gmt":"2025-08-21T12:14:12","guid":{"rendered":"https:\/\/www.europesays.com\/fr\/333849\/"},"modified":"2025-08-21T12:14:12","modified_gmt":"2025-08-21T12:14:12","slug":"cyclisme-transfert-q36-5-continue-son-mercato-xxl-et-signe-un-experimente-belge","status":"publish","type":"post","link":"https:\/\/www.europesays.com\/fr\/333849\/","title":{"rendered":"Cyclisme. Transfert &#8211; Q36.5 continue son mercato XXL et signe un exp\u00e9riment\u00e9 belge"},"content":{"rendered":"<p>Apr\u00e8s cinq ann\u00e9es pass\u00e9es au sein de la formation<strong> Alpecin-Deceuninck<\/strong>,<strong> Xandro Meurisse<\/strong> va changer d&rsquo;\u00e9quipe et rejoindre la <a href=\"https:\/\/www.cyclismactu.net\/..\/news-transfert-route-la-formation-q36-5-a-recrute-un-vainqueur-d-etape-du-tour-d-italie-89691.html\" target=\"_blank\" rel=\"nofollow noopener\"><strong>Q36.5 Pro Cycling Team<\/strong><\/a> en 2026. Le Belge est tr\u00e8s exp\u00e9riment\u00e9 et polyvalent, il sera un \u00e9quipier pr\u00e9cieux que ce soit sur les Classiques ou les courses-par-\u00e9tape pour ses leaders au sein de l&rsquo;\u00e9curie suisse. R\u00e9cent 22e du <strong>Tour de France <\/strong>et 10e de la <strong>Clasica San Sebastian<\/strong>, <strong>Meurisse <\/strong>semble plus fort que jamais, malgr\u00e9 ses 33 ans, et esp\u00e8re briller sous les couleurs de la <strong>Q36.5 <\/strong>au cours des deux prochaines saisons.<\/p>\n<p>Vid\u00e9o &#8211; Xandro Meurisse, vainqueur du Tour de Murcie 2020 Lire la suite de l&rsquo;article&#13;<\/p>\n<p>\u00a0<\/p>\n<p>&#13;<br \/>\n\u00ab\u00a0J\u2019aimerais apporter le m\u00eame soutien \u00e0 un leader comme Tom Pidcock\u00a0\u00bb&#13;<\/p>\n<p>\u00ab\u00a0Je peux obtenir de bons r\u00e9sultats personnels, mais je ne gagnerai pas de grandes courses. En revanche, je peux aider d\u2019autres coureurs \u00e0 les remporter, comme je l\u2019ai fait avec Mathieu van der Poel ou Jasper Philipsen ces derni\u00e8res ann\u00e9es. J\u2019aimerais apporter le m\u00eame soutien \u00e0 un leader comme Tom Pidcock\u00a0\u00bb, a d\u00e9clar\u00e9<strong> Xandro Meurisse<\/strong>. \u00ab\u00a0\u00catre \u00e9quipier est un r\u00f4le tr\u00e8s valoris\u00e9 dans les \u00e9quipes o\u00f9 j\u2019ai couru. Que ce soit pour prot\u00e9ger son leader du vent, pr\u00e9parer un sprint ou le placer id\u00e9alement dans un moment cl\u00e9, chaque d\u00e9tail compte. C\u2019est essentiel pour la performance collective et pour le r\u00e9sultat final.\u00a0\u00bb<\/p>\n<p>&#13;<\/p>\n<p>\u00ab\u00a0J\u2019adore rouler \u00e0 v\u00e9lo, m\u2019entra\u00eener dans les Ardennes flamandes ou voyager aux quatre coins du monde. Les conditions varient partout, et la science nous aide \u00e0 nous adapter aussi bien \u00e0 la pluie qu\u2019au soleil, m\u00eame si je pr\u00e9f\u00e8re la chaleur et le beau temps. Dans une nouvelle \u00e9quipe, il y a toujours un regain de motivation, et ici, l\u2019importance donn\u00e9e aux \u00e9quipements me pousse \u00e0 progresser encore davantage\u00a0\u00bb, conclut-il.<\/p>\n","protected":false},"excerpt":{"rendered":"Apr\u00e8s cinq ann\u00e9es pass\u00e9es au sein de la formation Alpecin-Deceuninck, Xandro Meurisse va changer d&rsquo;\u00e9quipe et rejoindre la&hellip;\n","protected":false},"author":2,"featured_media":333850,"comment_status":"","ping_status":"","sticky":false,"template":"","format":"standard","meta":{"footnotes":""},"categories":[1411],"tags":[1154,207,211,1011,27,209,60,210,969,212,208,213],"class_list":{"0":"post-333849","1":"post","2":"type-post","3":"status-publish","4":"format-standard","5":"has-post-thumbnail","7":"category-cyclisme","8":"tag-cycling","9":"tag-cyclisme","10":"tag-ffc","11":"tag-fr","12":"tag-france","13":"tag-route","14":"tag-sports","15":"tag-tour-de-france","16":"tag-transfert","17":"tag-uci","18":"tag-velo","19":"tag-world-tour"},"share_on_mastodon":{"url":"https:\/\/pubeurope.com\/@fr\/115066703986389866","error":""},"_links":{"self":[{"href":"https:\/\/www.europesays.com\/fr\/wp-json\/wp\/v2\/posts\/333849","targetHints":{"allow":["GET"]}}],"collection":[{"href":"https:\/\/www.europesays.com\/fr\/wp-json\/wp\/v2\/posts"}],"about":[{"href":"https:\/\/www.europesays.com\/fr\/wp-json\/wp\/v2\/types\/post"}],"author":[{"embeddable":true,"href":"https:\/\/www.europesays.com\/fr\/wp-json\/wp\/v2\/users\/2"}],"replies":[{"embeddable":true,"href":"https:\/\/www.europesays.com\/fr\/wp-json\/wp\/v2\/comments?post=333849"}],"version-history":[{"count":0,"href":"https:\/\/www.europesays.com\/fr\/wp-json\/wp\/v2\/posts\/333849\/revisions"}],"wp:featuredmedia":[{"embeddable":true,"href":"https:\/\/www.europesays.com\/fr\/wp-json\/wp\/v2\/media\/333850"}],"wp:attachment":[{"href":"https:\/\/www.europesays.com\/fr\/wp-json\/wp\/v2\/media?parent=333849"}],"wp:term":[{"taxonomy":"category","embeddable":true,"href":"https:\/\/www.europesays.com\/fr\/wp-json\/wp\/v2\/categories?post=333849"},{"taxonomy":"post_tag","embeddable":true,"href":"https:\/\/www.europesays.com\/fr\/wp-json\/wp\/v2\/tags?post=333849"}],"curies":[{"name":"wp","href":"https:\/\/api.w.org\/{rel}","templated":true}]}}