{"id":333851,"date":"2025-08-21T12:15:18","date_gmt":"2025-08-21T12:15:18","guid":{"rendered":"https:\/\/www.europesays.com\/fr\/333851\/"},"modified":"2025-08-21T12:15:18","modified_gmt":"2025-08-21T12:15:18","slug":"un-lyonnais-davenir-va-faire-lobjet-dune-offre-en-provenance-du-danemark","status":"publish","type":"post","link":"https:\/\/www.europesays.com\/fr\/333851\/","title":{"rendered":"Un Lyonnais d&rsquo;avenir va faire l&rsquo;objet d&rsquo;une offre en provenance du Danemark"},"content":{"rendered":"<p>                                            Publi\u00e9 le 21\/08\/2025 \u00e0 11h31<br \/>\n                                                                                3 minutes de lecture\n                                                                    <\/p>\n<p>F\u00e9ru de sport et plus particuli\u00e8rement de ballon rond depuis ma plus tendre enfance.<\/p>\n<p>                                            Lire la suite<\/p>\n<p>L\u00a0\u00bbavenir de <strong>Mahamadou Diawara<\/strong> \u00e0 l&rsquo;Olympique Lyonnais semble de plus en plus incertain. Le jeune milieu de terrain de <strong>20 ans<\/strong>, qui revient d&rsquo;un pr\u00eat au Havre la saison derni\u00e8re, attire d\u00e9sormais l&rsquo;attention de clubs europ\u00e9ens, notamment le <strong>FC Copenhague<\/strong>. Cette situation illustre parfaitement les d\u00e9fis auxquels font face les clubs fran\u00e7ais pour retenir leurs jeunes talents prometteurs. L&rsquo;ancien espoir du PSG, qui a rejoint les rangs lyonnais avec l&rsquo;espoir de s&rsquo;imposer, se retrouve aujourd&rsquo;hui \u00e0 un tournant de sa carri\u00e8re. Son parcours r\u00e9cent, marqu\u00e9 par un pr\u00eat au club doyen normand, t\u00e9moigne des difficult\u00e9s rencontr\u00e9es pour trouver sa place dans l&rsquo;effectif rhodanien. Avec un contrat qui court jusqu&rsquo;en <strong>juin 2028<\/strong>, Diawara repr\u00e9sente pourtant un investissement sur l&rsquo;avenir pour l&rsquo;OL, mais les sollicitations ext\u00e9rieures pourraient bouleverser ces plans.<\/p>\n<p>                                <img decoding=\"async\" src=\"https:\/\/www.europesays.com\/fr\/wp-content\/uploads\/2025\/04\/1744123449_543_logo.png\" alt=\"Logo\"\/><\/p>\n<p>100\u20ac offerts sur ton 1er pari !<\/p>\n<p>                            <a href=\"https:\/\/bit.ly\/4j5wl4k\" class=\"headband-button\" rel=\"nofollow noopener\" target=\"_blank\">J&rsquo;en profite<\/a><\/p>\n<p>                                                                <img loading=\"lazy\" decoding=\"async\" src=\"https:\/\/www.europesays.com\/fr\/wp-content\/uploads\/2025\/08\/mercato-ol-un-lyonnais-d-avenir-va-faire-l-objet-d-une-offre-en-provenance-du-danemark.jpg\" alt=\"Illustration : &quot;Mercato OL : Un Lyonnais d'avenir va faire l'objet d'une offre en provenance du Danemark &quot;\" class=\"figure-img img-fluid\" width=\"780\" height=\"478\"\/><\/p>\n<p>                                    \u00a9 Site officiel de l&rsquo;OL                                <\/p>\n<p>Un passage mitig\u00e9 au Havre qui interroge<\/p>\n<p>Le pr\u00eat de Mahamadou Diawara au Havre lors de la saison \u00e9coul\u00e9e a donn\u00e9 des r\u00e9sultats en demi-teinte qui soul\u00e8vent des questions sur son d\u00e9veloppement. En disputant <strong>15 matches<\/strong> avec le club doyen pour seulement <strong>une passe d\u00e9cisive<\/strong>, le milieu de terrain n&rsquo;a pas pleinement convaincu de son potentiel offensif. Cette statistique modeste contraste avec les attentes plac\u00e9es en lui lors de son d\u00e9part en pr\u00eat, cens\u00e9 lui permettre d&rsquo;acqu\u00e9rir de l&rsquo;exp\u00e9rience et du temps de jeu r\u00e9gulier. Son bilan global en Ligue 1, avec <strong>28 matches disput\u00e9s depuis le d\u00e9but de sa carri\u00e8re<\/strong>, reste encore limit\u00e9 pour un joueur de son \u00e2ge et de son profil. Cette exp\u00e9rience havraise, bien qu&rsquo;enrichissante sur le plan personnel, n&rsquo;a pas suffi \u00e0 d\u00e9montrer qu&rsquo;il \u00e9tait pr\u00eat \u00e0 s&rsquo;imposer dans l&rsquo;\u00e9lite du football fran\u00e7ais. Le retour \u00e0 Lyon s&rsquo;annon\u00e7ait donc comme une opportunit\u00e9 de rebond, mais les circonstances actuelles sugg\u00e8rent un avenir diff\u00e9rent.<\/p>\n<p>L&rsquo;int\u00e9r\u00eat danois face aux complications fran\u00e7aises<\/p>\n<p>Le <strong>FC Copenhague<\/strong> a manifest\u00e9 un int\u00e9r\u00eat concret pour Mahamadou Diawara, appr\u00e9ciant particuli\u00e8rement son profil de milieu de terrain polyvalent. Cette sollicitation danoise repr\u00e9sente une opportunit\u00e9 int\u00e9ressante pour le joueur, qui pourrait y trouver le temps de jeu et la confiance n\u00e9cessaires \u00e0 son \u00e9panouissement. Parall\u00e8lement, la piste fran\u00e7aise avec <strong>Brest<\/strong> s&rsquo;est rapidement referm\u00e9e en raison de tensions diplomatiques entre clubs. Les relations fra\u00eeches entre le club rhodanien et la formation bretonne suite \u00e0 l&rsquo;\u00e9chec du transfert de Pierre Lees Melou ont effectivement compromis toute n\u00e9gociation potentielle. Cette situation illustre comment les relations inter-clubs peuvent influencer le march\u00e9 des transferts et limiter les options des joueurs. Le <strong>SB29<\/strong> voyait pourtant en Diawara un profil int\u00e9ressant pour renforcer son entrejeu, mais les consid\u00e9rations extra-sportives ont pris le dessus sur les aspects purement techniques.<\/p>\n<p>Un avenir \u00e0 dessiner entre Rh\u00f4ne et Sa\u00f4ne<\/p>\n<p>La situation contractuelle de Mahamadou Diawara, li\u00e9 \u00e0 l&rsquo;OL jusqu&rsquo;en <strong>juin 2028<\/strong>, offre une certaine s\u00e9curit\u00e9 mais ne garantit pas sa pr\u00e9sence \u00e0 long terme dans l&rsquo;effectif lyonnais. Son statut d&rsquo;ancien espoir parisien lui conf\u00e8re une valeur marchande non n\u00e9gligeable, que les dirigeants rhodaniens pourraient \u00eatre tent\u00e9s de mon\u00e9tiser. L&rsquo;int\u00e9r\u00eat du FC Copenhague t\u00e9moigne de la reconnaissance internationale de ses qualit\u00e9s, m\u00eame si ses statistiques r\u00e9centes restent modestes. Cette p\u00e9riode de mercato s&rsquo;av\u00e8re donc cruciale pour d\u00e9terminer si le jeune milieu de terrain parviendra \u00e0 convaincre son club formateur ou s&rsquo;il devra chercher ailleurs les opportunit\u00e9s de progression qui lui font d\u00e9faut \u00e0 Lyon.<\/p>\n<p>Ce samedi, l\u2019OL re\u00e7oit le FC Metz pour sa premi\u00e8re de la saison au Groupama Stadium. Pour cette rencontre, profitez de 100\u20ac offerts pour votre premi\u00e8re inscription sur Parions Sport en Ligne. Les Gones ne font qu\u2019une bouch\u00e9e des Grenats ? <a href=\"http:\/\/bit.ly\/4hgs1yE\" rel=\"nofollow noopener\" target=\"_blank\"><strong>Une victoire de l\u2019OL face au FC Metz sur le score de 1-0, 2-0 ou 3-0 vous rapporte jusqu\u2019\u00e0 270\u20ac !<\/strong><\/a><\/p>\n<p><strong>Pour en profiter, c\u2019est tr\u00e8s simple :<\/strong><\/p>\n<p>&#8211;                  Cr\u00e9ez votre compte joueur en seulement 2 \u00e9tapes <a href=\"http:\/\/bit.ly\/4hgs1yE\" rel=\"nofollow noopener\" target=\"_blank\"><strong>ici<\/strong><\/a><\/p>\n<p>&#8211;                  R\u00e9alisez votre 1er d\u00e9p\u00f4t puis placez votre 1er pari (Minimum 5\u20ac)<\/p>\n<p>&#8211;                  Une fois votre 1er d\u00e9p\u00f4t et votre 1er pari r\u00e9alis\u00e9s, l\u2019int\u00e9gralit\u00e9 du montant de ce 1er pari sera cr\u00e9dit\u00e9e sur votre compte joueur dans la limite de 100\u20ac maximum et sous la forme de cr\u00e9dits de jeu non retirables. Le cr\u00e9dit s\u2019effectuera alors en une seule \u00e9tape et sous 3 jours<\/p>\n<p>Jouer comporte des risques : endettement, d\u00e9pendance\u2026 Appelez le 09 74 75 13 13 (appel non surtax\u00e9)<\/p>\n","protected":false},"excerpt":{"rendered":"Publi\u00e9 le 21\/08\/2025 \u00e0 11h31 3 minutes de lecture F\u00e9ru de sport et plus particuli\u00e8rement de ballon rond&hellip;\n","protected":false},"author":2,"featured_media":333852,"comment_status":"","ping_status":"","sticky":false,"template":"","format":"standard","meta":{"footnotes":""},"categories":[1410],"tags":[63,1011,27,60],"class_list":{"0":"post-333851","1":"post","2":"type-post","3":"status-publish","4":"format-standard","5":"has-post-thumbnail","7":"category-football","8":"tag-football","9":"tag-fr","10":"tag-france","11":"tag-sports"},"share_on_mastodon":{"url":"https:\/\/pubeurope.com\/@fr\/115066708407710752","error":""},"_links":{"self":[{"href":"https:\/\/www.europesays.com\/fr\/wp-json\/wp\/v2\/posts\/333851","targetHints":{"allow":["GET"]}}],"collection":[{"href":"https:\/\/www.europesays.com\/fr\/wp-json\/wp\/v2\/posts"}],"about":[{"href":"https:\/\/www.europesays.com\/fr\/wp-json\/wp\/v2\/types\/post"}],"author":[{"embeddable":true,"href":"https:\/\/www.europesays.com\/fr\/wp-json\/wp\/v2\/users\/2"}],"replies":[{"embeddable":true,"href":"https:\/\/www.europesays.com\/fr\/wp-json\/wp\/v2\/comments?post=333851"}],"version-history":[{"count":0,"href":"https:\/\/www.europesays.com\/fr\/wp-json\/wp\/v2\/posts\/333851\/revisions"}],"wp:featuredmedia":[{"embeddable":true,"href":"https:\/\/www.europesays.com\/fr\/wp-json\/wp\/v2\/media\/333852"}],"wp:attachment":[{"href":"https:\/\/www.europesays.com\/fr\/wp-json\/wp\/v2\/media?parent=333851"}],"wp:term":[{"taxonomy":"category","embeddable":true,"href":"https:\/\/www.europesays.com\/fr\/wp-json\/wp\/v2\/categories?post=333851"},{"taxonomy":"post_tag","embeddable":true,"href":"https:\/\/www.europesays.com\/fr\/wp-json\/wp\/v2\/tags?post=333851"}],"curies":[{"name":"wp","href":"https:\/\/api.w.org\/{rel}","templated":true}]}}