{"id":333853,"date":"2025-08-21T12:16:22","date_gmt":"2025-08-21T12:16:22","guid":{"rendered":"https:\/\/www.europesays.com\/fr\/333853\/"},"modified":"2025-08-21T12:16:22","modified_gmt":"2025-08-21T12:16:22","slug":"nico-capone-donne-des-nouvelles-de-sa-femme-daniela-apres-une-violente-crise-aux-urgences","status":"publish","type":"post","link":"https:\/\/www.europesays.com\/fr\/333853\/","title":{"rendered":"Nico Capone donne des nouvelles de sa femme Daniela apr\u00e8s une violente crise aux urgences"},"content":{"rendered":"<p>Le 20 ao\u00fbt dernier, Nico Capone a annonc\u00e9 que sa femme, Daniela, a \u00e9t\u00e9 transport\u00e9e \u00e0 l&rsquo;h\u00f4pital pour une crise s\u00e9rieuse. Plusieurs heures apr\u00e8s l&rsquo;incident, l&rsquo;influenceur a pris la parole et a donn\u00e9 plus de d\u00e9tails sur ce qu&rsquo;il s&rsquo;est pass\u00e9. <\/p>\n<p>Ces derni\u00e8res ann\u00e9es, un couple de cr\u00e9ateurs de contenu a \u00e9norm\u00e9ment fait parler de lui : les <b>Capone<\/b>. <a href=\"https:\/\/www.programme-tv.net\/news\/tv\/385770-nous-sommes-tres-inquiets-daniela-capone-emmenee-a-l-hopital-d-urgence-nico-capone-donne-des-details\/\" data-api-deeplink=\"teleloisirs:\/\/news\/385770\" rel=\"nofollow noopener\" target=\"_blank\">Nico et Daniela Capone<\/a> proposent des vid\u00e9os humoristiques muettes, ce qui permet de toucher un public international et donc de cumuler des millions de followers partout dans le monde. Le couple partage r\u00e9guli\u00e8rement leur vie sur les r\u00e9seaux sociaux et r\u00e9cemment, les abonn\u00e9s ont appris que <a href=\"https:\/\/www.programme-tv.net\/news\/tv\/383349-on-n-aime-pas-trop-repondre-daniela-capone-prend-la-parole-apres-une-situation-genante-en-pleine-rue-avec-un-youtubeur\/\" data-api-deeplink=\"teleloisirs:\/\/news\/383349\" rel=\"nofollow noopener\" target=\"_blank\">Daniela Capone<\/a> a \u00e9t\u00e9 victime d&rsquo;un grave probl\u00e8me de sant\u00e9. Nico Capone a d\u00e9cid\u00e9 de donner des nouvelles de sa femme quelques heures apr\u00e8s cet incident.<\/p>\n<p>Nico Capone donne des nouvelles de sa femme apr\u00e8s une violente crise : \u00ab\u00a0J&rsquo;ai tout de suite appel\u00e9 une ambulance\u00a0\u00bb<\/p>\n<p>C&rsquo;est sur le r\u00e9seau social Snapchat que le 20 ao\u00fbt dernier, Nico Capone a d\u00e9voil\u00e9 que sa femme Daniela avait \u00e9t\u00e9 victime d&rsquo;un grave probl\u00e8me de sant\u00e9 n\u00e9cessitant une intervention \u00e0 l&rsquo;h\u00f4pital. Plusieurs heures apr\u00e8s cet incident, <a href=\"https:\/\/www.programme-tv.net\/news\/tv\/379213-nico-capone-n-a-ete-invite-nulle-part-ines-vandamme-deplore-les-consequences-du-clash-entre-les-finalistes-de-danse-avec-les-stars-sur-son-ex-partenaire\/\" data-api-deeplink=\"teleloisirs:\/\/news\/379213\" rel=\"nofollow noopener\" target=\"_blank\">Nico Capone<\/a> a apport\u00e9 de nouveaux d\u00e9tails concernant les probl\u00e8mes de sant\u00e9 de sa femme. \u00ab\u00a0Je fais une petite story pour vous dire que l&rsquo;on a pass\u00e9 une nuit assez compliqu\u00e9e, <b>Daniela a fait une crise d\u2019\u00e9pilepsie, enfin, je pense que c&rsquo;est une d&rsquo;\u00e9pilepsie. La crise a dur\u00e9 plus de 20 minutes <\/b>et donc j&rsquo;ai tout de suite appel\u00e9 une ambulance\u00a0\u00bb, a r\u00e9v\u00e9l\u00e9 l&rsquo;influenceur. Un passage par l&rsquo;h\u00f4pital pour la m\u00e8re de famille qui n&rsquo;a pas vraiment aid\u00e9 le couple. \u00ab\u00a0On est all\u00e9 \u00e0 l&rsquo;h\u00f4pital et aujourd&rsquo;hui, on n&rsquo;a pas de diagnostic fiable encore. On a rendez-vous avec un autre m\u00e9decin pour essayer d&rsquo;aller voir un neurologue, mais je pense qu&rsquo;on n&rsquo;en aura pas avant quelques mois\u00a0\u00bb, a d\u00e9clar\u00e9 Nico Capone. Pour le moment, Daniela Capone est rentr\u00e9e \u00e0 son domicile et a retrouv\u00e9 sa famille.<\/p>\n<p>                        Un programme charg\u00e9 pour Nico Capone dans les prochains jours<\/p>\n<p>En plus de s&rsquo;occuper de sa femme victime de lourds probl\u00e8mes de sant\u00e9, <a href=\"https:\/\/www.programme-tv.net\/news\/people\/378690-je-stresse-pour-daniela-nico-capone-devoile-les-images-bouleversantes-de-laccouchement-par-cesarienne-de-sa-femme\/\" data-api-deeplink=\"teleloisirs:\/\/news\/378690\" rel=\"nofollow noopener\" target=\"_blank\">Nico Capone<\/a> a \u00e9voqu\u00e9 son emploi du temps charg\u00e9 des jours \u00e0 venir notamment avec ses enfants. \u00ab\u00a0Tout \u00e7a arrive le jour o\u00f9 j&rsquo;ai le plus de rendez-vous. On doit faire un vaccin \u00e0 Mattia et un vaccin \u00e0 Alessio. Je n&rsquo;ai pas beaucoup dormi, je suis cern\u00e9\u00a0\u00bb, a indiqu\u00e9 l&rsquo;influenceur \u00e0 ses followers sur Snapchat.<\/p>\n","protected":false},"excerpt":{"rendered":"Le 20 ao\u00fbt dernier, Nico Capone a annonc\u00e9 que sa femme, Daniela, a \u00e9t\u00e9 transport\u00e9e \u00e0 l&rsquo;h\u00f4pital pour&hellip;\n","protected":false},"author":2,"featured_media":333854,"comment_status":"","ping_status":"","sticky":false,"template":"","format":"standard","meta":{"footnotes":""},"categories":[1359],"tags":[1111,244,47106,58,59,1011,27,47107,973,16431,6569,12660,12663],"class_list":{"0":"post-333853","1":"post","2":"type-post","3":"status-publish","4":"format-standard","5":"has-post-thumbnail","7":"category-people","8":"tag-actu","9":"tag-commentaire","10":"tag-daniela-pinto","11":"tag-divertissement","12":"tag-entertainment","13":"tag-fr","14":"tag-france","15":"tag-nico-capone","16":"tag-people","17":"tag-ru00e9dac","18":"tag-streamers","19":"tag-syndication","20":"tag-tl"},"share_on_mastodon":{"url":"https:\/\/pubeurope.com\/@fr\/115066712310078890","error":""},"_links":{"self":[{"href":"https:\/\/www.europesays.com\/fr\/wp-json\/wp\/v2\/posts\/333853","targetHints":{"allow":["GET"]}}],"collection":[{"href":"https:\/\/www.europesays.com\/fr\/wp-json\/wp\/v2\/posts"}],"about":[{"href":"https:\/\/www.europesays.com\/fr\/wp-json\/wp\/v2\/types\/post"}],"author":[{"embeddable":true,"href":"https:\/\/www.europesays.com\/fr\/wp-json\/wp\/v2\/users\/2"}],"replies":[{"embeddable":true,"href":"https:\/\/www.europesays.com\/fr\/wp-json\/wp\/v2\/comments?post=333853"}],"version-history":[{"count":0,"href":"https:\/\/www.europesays.com\/fr\/wp-json\/wp\/v2\/posts\/333853\/revisions"}],"wp:featuredmedia":[{"embeddable":true,"href":"https:\/\/www.europesays.com\/fr\/wp-json\/wp\/v2\/media\/333854"}],"wp:attachment":[{"href":"https:\/\/www.europesays.com\/fr\/wp-json\/wp\/v2\/media?parent=333853"}],"wp:term":[{"taxonomy":"category","embeddable":true,"href":"https:\/\/www.europesays.com\/fr\/wp-json\/wp\/v2\/categories?post=333853"},{"taxonomy":"post_tag","embeddable":true,"href":"https:\/\/www.europesays.com\/fr\/wp-json\/wp\/v2\/tags?post=333853"}],"curies":[{"name":"wp","href":"https:\/\/api.w.org\/{rel}","templated":true}]}}