{"id":333857,"date":"2025-08-21T12:18:12","date_gmt":"2025-08-21T12:18:12","guid":{"rendered":"https:\/\/www.europesays.com\/fr\/333857\/"},"modified":"2025-08-21T12:18:12","modified_gmt":"2025-08-21T12:18:12","slug":"celle-qui-sait-les-herbes-un-roman-dinitiation-pastoral","status":"publish","type":"post","link":"https:\/\/www.europesays.com\/fr\/333857\/","title":{"rendered":"Celle-qui-sait-les-herbes : un roman d\u2019initiation pastoral"},"content":{"rendered":"<p>\u00c0 travers ce roman, Marc Graciano poursuit son travail litt\u00e9raire singulier, centr\u00e9 sur la reconstitution po\u00e9tique d\u2019un monde archa\u00efque et pastoral. <a href=\"https:\/\/actualitte.com\/article\/124593\/avant-parutions\/celle-qui-sait-les-herbes-un-voyage-au-coeur-des-peuples-et-des-elements\" rel=\"nofollow noopener\" target=\"_blank\">Celle-qui-sait-les-herbes<\/a> suit les pas d&rsquo;un jeune homme en voie d\u2019initiation, entra\u00een\u00e9 par une femme \u00e2g\u00e9e et respect\u00e9e, d\u00e9positaire des traditions m\u00e9dicinales et spirituelles de son peuple.<\/p>\n<p>Le r\u00e9cit s\u2019ouvre \u00e0 l\u2019approche de l\u2019hiver, alors que Celle-qui-sait-les-herbes anticipe le retour des grands troupeaux de rennes. Avec le narrateur, elle entreprend l\u2019ascension vers le plateau herbeux o\u00f9 le peuple \u00e9tablira ses campements saisonniers et ses strat\u00e9gies de chasse. La description minutieuse des paysages, des gestes et des rites traduit l&rsquo;attention extr\u00eame port\u00e9e par l\u2019auteur aux d\u00e9tails sensoriels et aux savoirs populaires.<\/p>\n<p>L\u2019histoire d\u00e9roule, au fil des chapitres, plusieurs temps forts : l\u2019observation du passage des rennes, la grande chasse collective orchestr\u00e9e avec une rigueur \u00e9co-responsable, et la transmission patiente des techniques de survie, des rem\u00e8des et des gestes du reboutement.\u00a0\u00c0 travers ces sc\u00e8nes, Marc Graciano restitue la fragile harmonie entre les hommes et leur environnement, o\u00f9 chaque animal chass\u00e9, chaque plante utilis\u00e9e, s\u2019inscrit dans un cycle respectueux de la terre.\u00a0<\/p>\n<p>Au c\u0153ur du livre, le lecteur d\u00e9couvre aussi un autre fil narratif : celui de l\u2019enfant nomm\u00e9e Nuage, recueillie par Celle-qui-sait-les-herbes apr\u00e8s avoir \u00e9t\u00e9 soign\u00e9e d\u2019un grave traumatisme. L\u2019auteur d\u00e9voile ainsi l\u2019apprentissage long et exigeant des savoirs m\u00e9dicinaux et du lien aux vivants, qu\u2019il s\u2019agisse des b\u00eates, des plantes ou des membres du groupe.<\/p>\n<p>Fid\u00e8le \u00e0 son style ample et pr\u00e9cis, Marc Graciano inscrit ce roman dans la continuit\u00e9 de son \u0153uvre, entre fable anthropologique et hommage litt\u00e9raire aux soci\u00e9t\u00e9s anciennes. Par sa langue cisel\u00e9e et son regard ethnographique, Celle-qui-sait-les-herbes offre au lecteur une plong\u00e9e contemplative dans un monde oubli\u00e9, r\u00e9gi par la patience, l\u2019observation et la connaissance intuitive des cycles naturels.<\/p>\n<p>Sortie le 28 ao\u00fbt.<\/p>\n<p>\u00a0<\/p>\n<\/p>\n<p>\n                <a href=\"https:\/\/actualitte.com\/dossier\/521\/chroniques-des-livres-de-la-rentree-litteraire-2025-en-avant-premiere\" rel=\"nofollow noopener\" target=\"_blank\"><br \/>\n                  <strong>DOSSIER &#8211; Chroniques des livres de la Rentr\u00e9e litt\u00e9raire 2025, en avant-premi\u00e8re<\/strong><br \/>\n                <\/a>\n              <\/p>\n<p class=\"article-signature\">Par <a class=\"article-signature_url\" href=\"https:\/\/actualitte.com\/auteurs\/212\/victor-de-sepausy\" rel=\"nofollow noopener\" target=\"_blank\">Victor De Sepausy<\/a><br \/>Contact : <a class=\"article-signature_mail\" href=\"https:\/\/actualitte.com\/article\/125680\/avant-critiques\/mailto:vds@actualitte.com\" rel=\"nofollow noopener\" target=\"_blank\">vds@actualitte.com<\/a><\/p>\n","protected":false},"excerpt":{"rendered":"\u00c0 travers ce roman, Marc Graciano poursuit son travail litt\u00e9raire singulier, centr\u00e9 sur la reconstitution po\u00e9tique d\u2019un monde&hellip;\n","protected":false},"author":2,"featured_media":333858,"comment_status":"","ping_status":"","sticky":false,"template":"","format":"standard","meta":{"footnotes":""},"categories":[1357],"tags":[1379,58,59,1011,27,1380],"class_list":{"0":"post-333857","1":"post","2":"type-post","3":"status-publish","4":"format-standard","5":"has-post-thumbnail","7":"category-livres","8":"tag-books","9":"tag-divertissement","10":"tag-entertainment","11":"tag-fr","12":"tag-france","13":"tag-livres"},"share_on_mastodon":{"url":"https:\/\/pubeurope.com\/@fr\/115066719862286783","error":""},"_links":{"self":[{"href":"https:\/\/www.europesays.com\/fr\/wp-json\/wp\/v2\/posts\/333857","targetHints":{"allow":["GET"]}}],"collection":[{"href":"https:\/\/www.europesays.com\/fr\/wp-json\/wp\/v2\/posts"}],"about":[{"href":"https:\/\/www.europesays.com\/fr\/wp-json\/wp\/v2\/types\/post"}],"author":[{"embeddable":true,"href":"https:\/\/www.europesays.com\/fr\/wp-json\/wp\/v2\/users\/2"}],"replies":[{"embeddable":true,"href":"https:\/\/www.europesays.com\/fr\/wp-json\/wp\/v2\/comments?post=333857"}],"version-history":[{"count":0,"href":"https:\/\/www.europesays.com\/fr\/wp-json\/wp\/v2\/posts\/333857\/revisions"}],"wp:featuredmedia":[{"embeddable":true,"href":"https:\/\/www.europesays.com\/fr\/wp-json\/wp\/v2\/media\/333858"}],"wp:attachment":[{"href":"https:\/\/www.europesays.com\/fr\/wp-json\/wp\/v2\/media?parent=333857"}],"wp:term":[{"taxonomy":"category","embeddable":true,"href":"https:\/\/www.europesays.com\/fr\/wp-json\/wp\/v2\/categories?post=333857"},{"taxonomy":"post_tag","embeddable":true,"href":"https:\/\/www.europesays.com\/fr\/wp-json\/wp\/v2\/tags?post=333857"}],"curies":[{"name":"wp","href":"https:\/\/api.w.org\/{rel}","templated":true}]}}