{"id":333859,"date":"2025-08-21T12:19:12","date_gmt":"2025-08-21T12:19:12","guid":{"rendered":"https:\/\/www.europesays.com\/fr\/333859\/"},"modified":"2025-08-21T12:19:12","modified_gmt":"2025-08-21T12:19:12","slug":"a-59-ans-le-visage-de-la-nouvelle-chroniqueuse-du-mag-de-la-sante-de-jimmy-mohamed-est-connu-de-tous","status":"publish","type":"post","link":"https:\/\/www.europesays.com\/fr\/333859\/","title":{"rendered":"\u00c0 59 ans, le visage de la nouvelle chroniqueuse du Mag de la Sant\u00e9 de Jimmy Mohamed est connu de tous !"},"content":{"rendered":"<p>            <img loading=\"lazy\" decoding=\"async\" src=\"https:\/\/www.europesays.com\/fr\/wp-content\/uploads\/2025\/04\/115-62728e9c0f695-35x35-1.jpg\" class=\"author-article-picture\" width=\"35\" height=\"35\"\/><\/p>\n<p>                Par<br \/>\n                                    <a class=\"author-article-bio-link\" href=\"https:\/\/www.purepeople.com\/auteur\/ari-guardiola_a115\" rel=\"nofollow noopener\" target=\"_blank\">Ari Guardiola<\/a><br \/>\n                                                    | Journaliste<\/p>\n<p>\n                Si elle a bien fait son choix (\u00e9vident) entre Leo Messi et Cristiano Ronaldo, il n\u2019est pas question de d\u00e9cider qui elle pr\u00e9f\u00e8re entre Meghan Markle et Kate Middleton. Poissons ascendant Verseau, elle est dot\u00e9e d&rsquo;un sixi\u00e8me sens qui l&rsquo;aide \u00e0 vous d\u00e9nicher les informations les plus cach\u00e9es sur vos stars pr\u00e9f\u00e9r\u00e9es.\n            <\/p>\n<p>\n    Autrice \u00e0 succ\u00e8s, ancien mannequin et star des podiums des ann\u00e9es 1990, mais aussi figure de t\u00e9l\u00e9vision, Estelle Lef\u00e9bure revient au petit \u00e9cran pour un d\u00e9fi de taille. D\u00e8s la rentr\u00e9e, la m\u00e8re d&rsquo;Ilona et Emma Smet rejoint l&rsquo;\u00e9quipe de Jimmy Mohamed, dans \u00ab\u00a0Le Mag de la Sant\u00e9\u00a0\u00bb.\n<\/p>\n<p>                            <img loading=\"lazy\" decoding=\"async\" class=\"player-thumbnail\" src=\"https:\/\/www.europesays.com\/fr\/wp-content\/uploads\/2025\/08\/71d19e8575233834-580x326-2.jpg\" width=\"580\" height=\"326\"\/><\/p>\n<p>                    \u00c0 59 ans, le visage de la nouvelle chroniqueuse du Mag de la Sant\u00e9 de Jimmy Mohamed est connu de tous !<\/p>\n<p>La suite apr\u00e8s la publicit\u00e9<\/p>\n<p>\u00c0 59 ans, <a href=\"https:\/\/www.purepeople.com\/people\/estelle-lefebure_p95\" rel=\"nofollow noopener\" target=\"_blank\"><strong>Estelle Lef\u00e9bure <\/strong><\/a>s&rsquo;appr\u00eate \u00e0 relever un nouveau d\u00e9fi. Le mercato des m\u00e9dias de cette ann\u00e9e a \u00e9t\u00e9 des plus agit\u00e9s, et continue de plus belle \u00e0 quelques jours de la rentr\u00e9e. Alors qu&rsquo;<a href=\"https:\/\/www.purepeople.com\/article\/olivier-minne-tout-proche-du-depart-de-france-2-la-date-de-sa-derniere-apparition-a-lantenne-connue_a541367\/1\" rel=\"nofollow noopener\" target=\"_blank\">Olivier Minne s&rsquo;appr\u00eate \u00e0 rejoindre M6<\/a>, et que <a href=\"https:\/\/www.purepeople.com\/article\/lautre-vie-de-lea-salame-peu-de-gens-le-savent-mais-elle-nest-pas-que-journaliste-et-exerce-un-autre-metier-dans-lombre_a541551\/1\" rel=\"nofollow noopener\" target=\"_blank\">L\u00e9a Salam\u00e9 va pr\u00e9senter le journal du 20H<\/a>, cette fois-ci c&rsquo;est Le Mag de la Sant\u00e9 qui va voir l&rsquo;arriv\u00e9e d&rsquo;un nouveau visage. En effet, Estelle Lef\u00e9bure, habitu\u00e9e de la t\u00e9l\u00e9vision, arrive <strong>en tant que chroniqueuse dans <\/strong><strong>Le Mag de la Sant\u00e9<\/strong> sur France 5.\u00a0Elle rejoint ainsi l&rsquo;\u00e9quipe de chroniqueurs de Dr <a href=\"https:\/\/www.purepeople.com\/people\/jimmy-mohamed_p555156\" rel=\"nofollow noopener\" target=\"_blank\"><strong>Jimmy Mohamed<\/strong><\/a>, que l&rsquo;on ne pr\u00e9sente plus. Selon le communiqu\u00e9 de France T\u00e9l\u00e9visions, la m\u00e8re d&rsquo;<a href=\"https:\/\/www.purepeople.com\/article\/cameron-hallyday-ilona-et-emma-smet-comment-david-hallyday-projette-sous-la-lumiere-ses-3-enfants_a529347\/1\" rel=\"nofollow noopener\" target=\"_blank\">Ilona et Emma Smet<\/a>, fruits de son mariage pass\u00e9 avec <a href=\"https:\/\/www.purepeople.com\/people\/david-hallyday_p136\" rel=\"nofollow noopener\" target=\"_blank\">David Hallyday<\/a>, va animer une <strong>chronique d\u00e9di\u00e9e aux femmes de plus de 50 ans<\/strong>. Elle y abordera \u00ab\u00a0sans tabou, la sexualit\u00e9, le sport, la m\u00e9nopause, la beaut\u00e9, les relations sociales\u2026\u00a0\u00bb<\/p>\n<p>Dans Le Mag de la Sant\u00e9, elle n&rsquo;est pas la seule \u00e0 \u00eatre nouvelle. En effet, d&rsquo;autres nouveaux visages feront partie de cette saison 2025-2026 de l&rsquo;\u00e9mission \u00e0 succ\u00e8s de France T\u00e9l\u00e9. Ainsi, on d\u00e9couvrira \u00e9galement la journaliste scientifique Alexandra Delbot, le Dr Fabien Farg, la di\u00e9t\u00e9ticienne nutritionniste Sophie Janvier et des humoristes Lou Trotignon, Donel Jack\u2019sman, Laura Domenge.\u00a0Estelle Lef\u00e9bure rejoindra bien s\u00fbr \u00e9galement d&rsquo;autres visages d\u00e9j\u00e0 bien connus de l&rsquo;\u00e9mission <strong>\u00e0 l&rsquo;instar de <\/strong><a href=\"https:\/\/www.purepeople.com\/people\/marine-lorphelin_p2625\" rel=\"nofollow noopener\" target=\"_blank\"><strong>Marine Lorphelin <\/strong><\/a><strong>ou <\/strong><a href=\"https:\/\/www.purepeople.com\/people\/enora-malagre_p2682\" rel=\"nofollow noopener\" target=\"_blank\"><strong>Enora Malagr\u00e9<\/strong><\/a>. Maman de deux filles, Ilona, n\u00e9e en 1995, et Emma, n\u00e9e en 1997, mais aussi d&rsquo;un jeune gar\u00e7on de 14 ans, Giuliano, fruit de son amour avec Pascal Ramette, restaurateur et entrepreneur, l&rsquo;ancien mannequin, visage embl\u00e9matique de la marque Mixa B\u00e9b\u00e9, est aussi grand-m\u00e8re depuis quelques ann\u00e9es. En effet, sa fille Ilona, a donn\u00e9 naissance \u00e0 un petit gar\u00e7on Harrison, en 2022, et est actuellement enceinte de son deuxi\u00e8me enfant.<\/p>\n<p>Estelle Lef\u00e9bure grand-m\u00e8re \u00e0 57 ans : elle va revivre cette exp\u00e9rience !\u00a0<\/p>\n<p>Cette vie de famille offre \u00e0 Estelle Lef\u00e9bure de quoi nous rapporter plus d&rsquo;une anecdote et faire partager son exp\u00e9rience de vie \u00e0 d&rsquo;autres quinquag\u00e9naires, par le biais du Mag de la Sant\u00e9. \u00ab\u00a0On peut \u00eatre grand-m\u00e8re \u00e0 58 ans et \u00eatre encore tr\u00e8s active. Je pense que \u00e7a va \u00eatre un vrai bonheur de voir grandir ses petits-enfants et de pouvoir partager des passions justement\u00a0\u00bb, a-t-elle confi\u00e9 \u00e0 Femme Actuelle.\u00a0<\/p>\n<p>Puis dans une vid\u00e9o publi\u00e9e en mars : \u00ab\u00a0J\u2019ai un enfant de 14 ans donc je suis encore dans la vie quotidienne avec les vacances scolaires, les devoirs, les r\u00e9unions de parents d\u2019\u00e9l\u00e8ves donc il y a cette esp\u00e8ce de m\u00e9lange entre maman encore tr\u00e8s pr\u00e9sente et grand-m\u00e8re aussi. C\u2019est \u00e7a qui fait que c\u2019est tr\u00e8s riche.\u00a0\u00bb Et Estelle Lef\u00e9bure et David Hallyday seront bient\u00f4t grands-parents pour la deuxi\u00e8me fois. De quoi livrer quelques croustillantes anecdotes \u00e0 nouveau pour la nouvelle recrue France T\u00e9l\u00e9 !\u00a0<\/p>\n<p>Autrice<strong> <\/strong>d&rsquo;Orahe notamment, un livre consacr\u00e9 au bien \u00eatre des enfants, \u00e0 travers la nutrition, la sant\u00e9, l\u2019\u00e9ducation, le yoga et la m\u00e9ditation, Estelle Lef\u00e9bure est plus que l\u00e9gitime pour cette nouvelle aventure.\u00a0<\/p>\n","protected":false},"excerpt":{"rendered":"Par Ari Guardiola | Journaliste Si elle a bien fait son choix (\u00e9vident) entre Leo Messi et Cristiano&hellip;\n","protected":false},"author":2,"featured_media":333860,"comment_status":"","ping_status":"","sticky":false,"template":"","format":"standard","meta":{"footnotes":""},"categories":[1356],"tags":[58,59,1011,27,252,1364],"class_list":{"0":"post-333859","1":"post","2":"type-post","3":"status-publish","4":"format-standard","5":"has-post-thumbnail","7":"category-television","8":"tag-divertissement","9":"tag-entertainment","10":"tag-fr","11":"tag-france","12":"tag-television","13":"tag-tv"},"share_on_mastodon":{"url":"https:\/\/pubeurope.com\/@fr\/115066723642387694","error":""},"_links":{"self":[{"href":"https:\/\/www.europesays.com\/fr\/wp-json\/wp\/v2\/posts\/333859","targetHints":{"allow":["GET"]}}],"collection":[{"href":"https:\/\/www.europesays.com\/fr\/wp-json\/wp\/v2\/posts"}],"about":[{"href":"https:\/\/www.europesays.com\/fr\/wp-json\/wp\/v2\/types\/post"}],"author":[{"embeddable":true,"href":"https:\/\/www.europesays.com\/fr\/wp-json\/wp\/v2\/users\/2"}],"replies":[{"embeddable":true,"href":"https:\/\/www.europesays.com\/fr\/wp-json\/wp\/v2\/comments?post=333859"}],"version-history":[{"count":0,"href":"https:\/\/www.europesays.com\/fr\/wp-json\/wp\/v2\/posts\/333859\/revisions"}],"wp:featuredmedia":[{"embeddable":true,"href":"https:\/\/www.europesays.com\/fr\/wp-json\/wp\/v2\/media\/333860"}],"wp:attachment":[{"href":"https:\/\/www.europesays.com\/fr\/wp-json\/wp\/v2\/media?parent=333859"}],"wp:term":[{"taxonomy":"category","embeddable":true,"href":"https:\/\/www.europesays.com\/fr\/wp-json\/wp\/v2\/categories?post=333859"},{"taxonomy":"post_tag","embeddable":true,"href":"https:\/\/www.europesays.com\/fr\/wp-json\/wp\/v2\/tags?post=333859"}],"curies":[{"name":"wp","href":"https:\/\/api.w.org\/{rel}","templated":true}]}}